{"id":1048,"date":"2017-08-07T18:55:53","date_gmt":"2017-08-07T18:55:53","guid":{"rendered":"https:\/\/www.collegedelouest.ch\/wordpress\/?p=1048"},"modified":"2018-07-23T10:45:25","modified_gmt":"2018-07-23T10:45:25","slug":"rentree","status":"publish","type":"post","link":"https:\/\/www.collegedelouest.ch\/wordpress\/2017\/08\/07\/rentree\/","title":{"rendered":"Rentr\u00e9e"},"content":{"rendered":"<p>Les enfants vont \u00eatre ravis de retrouver leur potager \u00e0 la rentr\u00e9e !!!<br \/>\n<b>(Pour rappel, nous reprenons le chemin de l&rsquo;\u00e9cole <i>lundi 14 ao\u00fbt <\/i>\u00e0 9h.)<\/b><\/p>\n<p><b>Mais avant, regardez notre potager!!! C&rsquo;est juste incroyable ce qui attend les enfants&#8230;<\/b><\/p>\n<p><b>Mais chuuut, laissons-leur la surprise \ud83d\ude09<\/b><\/p>\n<p><b>Merci aux petites mains pour les arrosages pendant les vacances. \ud83d\udc4d<\/b><\/p>\n<p>\u00c0 tout bient\u00f4t \ud83e\udd17<\/p>\n<p><a href=\"https:\/\/www.collegedelouest.ch\/wordpress\/wp-content\/uploads\/2017\/08\/wp-image-1314529457.jpg\" class=\"mtli_attachment mtli_jpg\"><img loading=\"lazy\" decoding=\"async\" src=\"https:\/\/www.collegedelouest.ch\/wordpress\/wp-content\/uploads\/2017\/08\/wp-image-1314529457.jpg\" alt=\"\" class=\"wp-image-1050 alignnone size-full\" width=\"3000\" height=\"2250\"><\/a><\/p>\n<p>Les courgettes<br \/>\n<a href=\"https:\/\/www.collegedelouest.ch\/wordpress\/wp-content\/uploads\/2017\/08\/wp-image-1135989782.jpg\" class=\"mtli_attachment mtli_jpg\"><img loading=\"lazy\" decoding=\"async\" src=\"https:\/\/www.collegedelouest.ch\/wordpress\/wp-content\/uploads\/2017\/08\/wp-image-1135989782.jpg\" alt=\"\" class=\"wp-image-1053 alignnone size-full\" width=\"2448\" height=\"3264\"><\/a><\/p>\n<p>Les betteraves<\/p>\n<p><a href=\"https:\/\/www.collegedelouest.ch\/wordpress\/wp-content\/uploads\/2017\/08\/wp-image-740823665.jpg\" class=\"mtli_attachment mtli_jpg\"><img loading=\"lazy\" decoding=\"async\" src=\"https:\/\/www.collegedelouest.ch\/wordpress\/wp-content\/uploads\/2017\/08\/wp-image-740823665.jpg\" alt=\"\" class=\"wp-image-1054 alignnone size-full\" width=\"3000\" height=\"2250\"><\/a><\/p>\n<p>Les oignons<\/p>\n<p><a href=\"https:\/\/www.collegedelouest.ch\/wordpress\/wp-content\/uploads\/2017\/08\/wp-image-1094593790.jpg\" class=\"mtli_attachment mtli_jpg\"><img loading=\"lazy\" decoding=\"async\" src=\"https:\/\/www.collegedelouest.ch\/wordpress\/wp-content\/uploads\/2017\/08\/wp-image-1094593790.jpg\" alt=\"\" class=\"wp-image-1055 alignnone size-full\" width=\"3000\" height=\"2250\"><\/a><\/p>\n<p>Le radis<\/p>\n<p><a href=\"https:\/\/www.collegedelouest.ch\/wordpress\/wp-content\/uploads\/2017\/08\/wp-image-214885091.jpg\" class=\"mtli_attachment mtli_jpg\"><img loading=\"lazy\" decoding=\"async\" src=\"https:\/\/www.collegedelouest.ch\/wordpress\/wp-content\/uploads\/2017\/08\/wp-image-214885091.jpg\" alt=\"\" class=\"wp-image-1056 alignnone size-full\" width=\"3000\" height=\"2250\"><\/a><\/p>\n<p>Les ma\u00efs<\/p>\n<p><a href=\"https:\/\/www.collegedelouest.ch\/wordpress\/wp-content\/uploads\/2017\/08\/wp-image-1647841419.jpg\" class=\"mtli_attachment mtli_jpg\"><img loading=\"lazy\" decoding=\"async\" src=\"https:\/\/www.collegedelouest.ch\/wordpress\/wp-content\/uploads\/2017\/08\/wp-image-1647841419.jpg\" alt=\"\" class=\"wp-image-1052 alignnone size-full\" width=\"2448\" height=\"3264\"><\/a><\/p>\n<p>Et&#8230; LE tournesol \ud83c\udf3b<\/p>\n<p><a href=\"https:\/\/www.collegedelouest.ch\/wordpress\/wp-content\/uploads\/2017\/08\/wp-image-120849814.jpg\" class=\"mtli_attachment mtli_jpg\"><img loading=\"lazy\" decoding=\"async\" src=\"https:\/\/www.collegedelouest.ch\/wordpress\/wp-content\/uploads\/2017\/08\/wp-image-120849814.jpg\" alt=\"\" class=\"wp-image-1057 alignnone size-full\" width=\"2448\" height=\"3264\"><\/a><\/p>\n<p>\ud83e\udd17\ud83e\udd17<\/p>\n","protected":false},"excerpt":{"rendered":"<p>Les enfants vont \u00eatre ravis de retrouver leur potager \u00e0 la rentr\u00e9e !!! (Pour rappel, nous reprenons le chemin de l&rsquo;\u00e9cole lundi 14 ao\u00fbt \u00e0 9h.) Mais avant, regardez notre potager!!! C&rsquo;est juste incroyable ce qui attend les enfants&#8230; Mais chuuut, laissons-leur la surprise \ud83d\ude09 Merci aux petites mains pour les arrosages pendant les vacances. [&hellip;]<\/p>\n","protected":false},"author":2,"featured_media":1057,"comment_status":"closed","ping_status":"open","sticky":false,"template":"","format":"image","meta":{"footnotes":""},"categories":[5,21,19,1],"tags":[],"class_list":["post-1048","post","type-post","status-publish","format-image","has-post-thumbnail","hentry","category-blog","category-classe-celine-guyot-et-sylvie-kis","category-travaux-2017-18","category-uncategorized","post_format-post-format-image"],"_links":{"self":[{"href":"https:\/\/www.collegedelouest.ch\/wordpress\/wp-json\/wp\/v2\/posts\/1048","targetHints":{"allow":["GET"]}}],"collection":[{"href":"https:\/\/www.collegedelouest.ch\/wordpress\/wp-json\/wp\/v2\/posts"}],"about":[{"href":"https:\/\/www.collegedelouest.ch\/wordpress\/wp-json\/wp\/v2\/types\/post"}],"author":[{"embeddable":true,"href":"https:\/\/www.collegedelouest.ch\/wordpress\/wp-json\/wp\/v2\/users\/2"}],"replies":[{"embeddable":true,"href":"https:\/\/www.collegedelouest.ch\/wordpress\/wp-json\/wp\/v2\/comments?post=1048"}],"version-history":[{"count":2,"href":"https:\/\/www.collegedelouest.ch\/wordpress\/wp-json\/wp\/v2\/posts\/1048\/revisions"}],"predecessor-version":[{"id":1058,"href":"https:\/\/www.collegedelouest.ch\/wordpress\/wp-json\/wp\/v2\/posts\/1048\/revisions\/1058"}],"wp:featuredmedia":[{"embeddable":true,"href":"https:\/\/www.collegedelouest.ch\/wordpress\/wp-json\/wp\/v2\/media\/1057"}],"wp:attachment":[{"href":"https:\/\/www.collegedelouest.ch\/wordpress\/wp-json\/wp\/v2\/media?parent=1048"}],"wp:term":[{"taxonomy":"category","embeddable":true,"href":"https:\/\/www.collegedelouest.ch\/wordpress\/wp-json\/wp\/v2\/categories?post=1048"},{"taxonomy":"post_tag","embeddable":true,"href":"https:\/\/www.collegedelouest.ch\/wordpress\/wp-json\/wp\/v2\/tags?post=1048"}],"curies":[{"name":"wp","href":"https:\/\/api.w.org\/{rel}","templated":true}]}}