{"id":1060,"date":"2017-08-28T18:42:30","date_gmt":"2017-08-28T18:42:30","guid":{"rendered":"https:\/\/www.collegedelouest.ch\/wordpress\/?p=1060"},"modified":"2018-07-23T10:45:25","modified_gmt":"2018-07-23T10:45:25","slug":"notre-elevage-de-papillons","status":"publish","type":"post","link":"https:\/\/www.collegedelouest.ch\/wordpress\/2017\/08\/28\/notre-elevage-de-papillons\/","title":{"rendered":"Notre \u00e9levage de papillons"},"content":{"rendered":"<p><strong>Depuis le 21 ao\u00fbt, nous avons re\u00e7u des chenilles de papillons.<\/strong><\/p>\n<p><img loading=\"lazy\" decoding=\"async\" class=\"alignnone size-full wp-image-1062\" src=\"https:\/\/www.collegedelouest.ch\/wordpress\/wp-content\/uploads\/2017\/08\/IMG-20170820-WA0001.jpg\" alt=\"\" width=\"1600\" height=\"1200\" srcset=\"https:\/\/www.collegedelouest.ch\/wordpress\/wp-content\/uploads\/2017\/08\/IMG-20170820-WA0001.jpg 1600w, https:\/\/www.collegedelouest.ch\/wordpress\/wp-content\/uploads\/2017\/08\/IMG-20170820-WA0001-300x225.jpg 300w, https:\/\/www.collegedelouest.ch\/wordpress\/wp-content\/uploads\/2017\/08\/IMG-20170820-WA0001-768x576.jpg 768w, https:\/\/www.collegedelouest.ch\/wordpress\/wp-content\/uploads\/2017\/08\/IMG-20170820-WA0001-1024x768.jpg 1024w, https:\/\/www.collegedelouest.ch\/wordpress\/wp-content\/uploads\/2017\/08\/IMG-20170820-WA0001-690x518.jpg 690w, https:\/\/www.collegedelouest.ch\/wordpress\/wp-content\/uploads\/2017\/08\/IMG-20170820-WA0001-980x735.jpg 980w\" sizes=\"auto, (max-width: 1600px) 100vw, 1600px\" \/><\/p>\n<p><strong>Depuis deux jours, elles se sont transform\u00e9es en chrysalide.<\/strong><\/p>\n<p><img loading=\"lazy\" decoding=\"async\" class=\"alignnone size-full wp-image-1061\" src=\"https:\/\/www.collegedelouest.ch\/wordpress\/wp-content\/uploads\/2017\/08\/IMG_20170828_074313-e1503945449866.jpg\" alt=\"\" width=\"3264\" height=\"2448\" srcset=\"https:\/\/www.collegedelouest.ch\/wordpress\/wp-content\/uploads\/2017\/08\/IMG_20170828_074313-e1503945449866.jpg 3264w, https:\/\/www.collegedelouest.ch\/wordpress\/wp-content\/uploads\/2017\/08\/IMG_20170828_074313-e1503945449866-300x225.jpg 300w, https:\/\/www.collegedelouest.ch\/wordpress\/wp-content\/uploads\/2017\/08\/IMG_20170828_074313-e1503945449866-768x576.jpg 768w, https:\/\/www.collegedelouest.ch\/wordpress\/wp-content\/uploads\/2017\/08\/IMG_20170828_074313-e1503945449866-1024x768.jpg 1024w, https:\/\/www.collegedelouest.ch\/wordpress\/wp-content\/uploads\/2017\/08\/IMG_20170828_074313-e1503945449866-690x518.jpg 690w, https:\/\/www.collegedelouest.ch\/wordpress\/wp-content\/uploads\/2017\/08\/IMG_20170828_074313-e1503945449866-980x735.jpg 980w\" sizes=\"auto, (max-width: 3264px) 100vw, 3264px\" \/><\/p>\n<p><b>Et voil\u00e0 que quelques jours plus tard&#8230;. nous rel\u00e2chons nos papillons dans notre potager !!<\/b><\/p>\n<p><a href=\"https:\/\/www.collegedelouest.ch\/wordpress\/wp-content\/uploads\/2017\/09\/wp-image-1374999124.jpg\" class=\"mtli_attachment mtli_jpg\"><img loading=\"lazy\" decoding=\"async\" src=\"https:\/\/www.collegedelouest.ch\/wordpress\/wp-content\/uploads\/2017\/09\/wp-image-1374999124.jpg\" alt=\"\" class=\"wp-image-1071 alignnone size-full\" width=\"2592\" height=\"1944\"><\/a><\/p>\n<p><a href=\"https:\/\/www.collegedelouest.ch\/wordpress\/wp-content\/uploads\/2017\/09\/wp-image-1688540064.png\"><img loading=\"lazy\" decoding=\"async\" src=\"https:\/\/www.collegedelouest.ch\/wordpress\/wp-content\/uploads\/2017\/09\/wp-image-1688540064.png\" alt=\"\" class=\"wp-image-1072 alignnone size-full\" width=\"514\" height=\"475\"><\/a><\/p>\n","protected":false},"excerpt":{"rendered":"<p>Depuis le 21 ao\u00fbt, nous avons re\u00e7u des chenilles de papillons. Depuis deux jours, elles se sont transform\u00e9es en chrysalide. Et voil\u00e0 que quelques jours plus tard&#8230;. nous rel\u00e2chons nos papillons dans notre potager !!<\/p>\n","protected":false},"author":2,"featured_media":1062,"comment_status":"closed","ping_status":"open","sticky":false,"template":"","format":"image","meta":{"footnotes":""},"categories":[5,21,19],"tags":[],"class_list":["post-1060","post","type-post","status-publish","format-image","has-post-thumbnail","hentry","category-blog","category-classe-celine-guyot-et-sylvie-kis","category-travaux-2017-18","post_format-post-format-image"],"_links":{"self":[{"href":"https:\/\/www.collegedelouest.ch\/wordpress\/wp-json\/wp\/v2\/posts\/1060","targetHints":{"allow":["GET"]}}],"collection":[{"href":"https:\/\/www.collegedelouest.ch\/wordpress\/wp-json\/wp\/v2\/posts"}],"about":[{"href":"https:\/\/www.collegedelouest.ch\/wordpress\/wp-json\/wp\/v2\/types\/post"}],"author":[{"embeddable":true,"href":"https:\/\/www.collegedelouest.ch\/wordpress\/wp-json\/wp\/v2\/users\/2"}],"replies":[{"embeddable":true,"href":"https:\/\/www.collegedelouest.ch\/wordpress\/wp-json\/wp\/v2\/comments?post=1060"}],"version-history":[{"count":2,"href":"https:\/\/www.collegedelouest.ch\/wordpress\/wp-json\/wp\/v2\/posts\/1060\/revisions"}],"predecessor-version":[{"id":1073,"href":"https:\/\/www.collegedelouest.ch\/wordpress\/wp-json\/wp\/v2\/posts\/1060\/revisions\/1073"}],"wp:featuredmedia":[{"embeddable":true,"href":"https:\/\/www.collegedelouest.ch\/wordpress\/wp-json\/wp\/v2\/media\/1062"}],"wp:attachment":[{"href":"https:\/\/www.collegedelouest.ch\/wordpress\/wp-json\/wp\/v2\/media?parent=1060"}],"wp:term":[{"taxonomy":"category","embeddable":true,"href":"https:\/\/www.collegedelouest.ch\/wordpress\/wp-json\/wp\/v2\/categories?post=1060"},{"taxonomy":"post_tag","embeddable":true,"href":"https:\/\/www.collegedelouest.ch\/wordpress\/wp-json\/wp\/v2\/tags?post=1060"}],"curies":[{"name":"wp","href":"https:\/\/api.w.org\/{rel}","templated":true}]}}