{"id":1064,"date":"2017-08-28T18:56:04","date_gmt":"2017-08-28T18:56:04","guid":{"rendered":"https:\/\/www.collegedelouest.ch\/wordpress\/?p=1064"},"modified":"2018-07-23T10:45:25","modified_gmt":"2018-07-23T10:45:25","slug":"recolte-de-pommes-de-terre-et-betteraves","status":"publish","type":"post","link":"https:\/\/www.collegedelouest.ch\/wordpress\/2017\/08\/28\/recolte-de-pommes-de-terre-et-betteraves\/","title":{"rendered":"R\u00e9colte de pommes de terre et betteraves et&#8230;oignons."},"content":{"rendered":"<p><strong>Ce lundi 28 ao\u00fbt, nous avons r\u00e9colt\u00e9 nos pommes de terre&#8230;<\/strong><\/p>\n<p><img loading=\"lazy\" decoding=\"async\" class=\"alignnone size-full wp-image-1065\" src=\"https:\/\/www.collegedelouest.ch\/wordpress\/wp-content\/uploads\/2017\/08\/IMG_20170828_142813.jpg\" alt=\"\" width=\"2448\" height=\"1677\" srcset=\"https:\/\/www.collegedelouest.ch\/wordpress\/wp-content\/uploads\/2017\/08\/IMG_20170828_142813.jpg 2448w, https:\/\/www.collegedelouest.ch\/wordpress\/wp-content\/uploads\/2017\/08\/IMG_20170828_142813-300x206.jpg 300w, https:\/\/www.collegedelouest.ch\/wordpress\/wp-content\/uploads\/2017\/08\/IMG_20170828_142813-768x526.jpg 768w, https:\/\/www.collegedelouest.ch\/wordpress\/wp-content\/uploads\/2017\/08\/IMG_20170828_142813-1024x701.jpg 1024w, https:\/\/www.collegedelouest.ch\/wordpress\/wp-content\/uploads\/2017\/08\/IMG_20170828_142813-690x473.jpg 690w, https:\/\/www.collegedelouest.ch\/wordpress\/wp-content\/uploads\/2017\/08\/IMG_20170828_142813-980x671.jpg 980w\" sizes=\"auto, (max-width: 2448px) 100vw, 2448px\" \/><\/p>\n<p><b>Et betteraves&#8230;<\/b><\/p>\n<p><img loading=\"lazy\" decoding=\"async\" class=\"alignnone size-full wp-image-1066\" src=\"https:\/\/www.collegedelouest.ch\/wordpress\/wp-content\/uploads\/2017\/08\/IMG_20170828_152612.jpg\" alt=\"\" width=\"3264\" height=\"2448\" srcset=\"https:\/\/www.collegedelouest.ch\/wordpress\/wp-content\/uploads\/2017\/08\/IMG_20170828_152612.jpg 3264w, https:\/\/www.collegedelouest.ch\/wordpress\/wp-content\/uploads\/2017\/08\/IMG_20170828_152612-300x225.jpg 300w, https:\/\/www.collegedelouest.ch\/wordpress\/wp-content\/uploads\/2017\/08\/IMG_20170828_152612-768x576.jpg 768w, https:\/\/www.collegedelouest.ch\/wordpress\/wp-content\/uploads\/2017\/08\/IMG_20170828_152612-1024x768.jpg 1024w, https:\/\/www.collegedelouest.ch\/wordpress\/wp-content\/uploads\/2017\/08\/IMG_20170828_152612-690x518.jpg 690w, https:\/\/www.collegedelouest.ch\/wordpress\/wp-content\/uploads\/2017\/08\/IMG_20170828_152612-980x735.jpg 980w\" sizes=\"auto, (max-width: 3264px) 100vw, 3264px\" \/><\/p>\n<p><img loading=\"lazy\" decoding=\"async\" class=\"alignnone size-full wp-image-1067\" src=\"https:\/\/www.collegedelouest.ch\/wordpress\/wp-content\/uploads\/2017\/08\/IMG_20170828_152702.jpg\" alt=\"\" width=\"3264\" height=\"2448\" srcset=\"https:\/\/www.collegedelouest.ch\/wordpress\/wp-content\/uploads\/2017\/08\/IMG_20170828_152702.jpg 3264w, https:\/\/www.collegedelouest.ch\/wordpress\/wp-content\/uploads\/2017\/08\/IMG_20170828_152702-300x225.jpg 300w, https:\/\/www.collegedelouest.ch\/wordpress\/wp-content\/uploads\/2017\/08\/IMG_20170828_152702-768x576.jpg 768w, https:\/\/www.collegedelouest.ch\/wordpress\/wp-content\/uploads\/2017\/08\/IMG_20170828_152702-1024x768.jpg 1024w, https:\/\/www.collegedelouest.ch\/wordpress\/wp-content\/uploads\/2017\/08\/IMG_20170828_152702-690x518.jpg 690w, https:\/\/www.collegedelouest.ch\/wordpress\/wp-content\/uploads\/2017\/08\/IMG_20170828_152702-980x735.jpg 980w\" sizes=\"auto, (max-width: 3264px) 100vw, 3264px\" \/><\/p>\n<p><strong>Prochaine le\u00e7on de maths, nous les p\u00e8serons et mesurerons ! Ci-dessous serons mis les r\u00e9sultats&#8230;<\/strong><\/p>\n<p><b>Apr\u00e8s de savants calculs en colonnes (avec retenues)&#8230; nous avons 2,5 kg de pommes-de-terre !!!<\/b><\/p>\n<p><b>Voici les oignons&#8230;<\/b><\/p>\n<p><a href=\"https:\/\/www.collegedelouest.ch\/wordpress\/wp-content\/uploads\/2017\/09\/wp-image-372045370.jpg\" class=\"mtli_attachment mtli_jpg\"><img loading=\"lazy\" decoding=\"async\" src=\"https:\/\/www.collegedelouest.ch\/wordpress\/wp-content\/uploads\/2017\/09\/wp-image-372045370.jpg\" alt=\"\" class=\"wp-image-1074 alignnone size-full\" width=\"2592\" height=\"1944\"><\/a><\/p>\n<p><a href=\"https:\/\/www.collegedelouest.ch\/wordpress\/wp-content\/uploads\/2017\/09\/wp-image-1312360513.jpg\" class=\"mtli_attachment mtli_jpg\"><img loading=\"lazy\" decoding=\"async\" src=\"https:\/\/www.collegedelouest.ch\/wordpress\/wp-content\/uploads\/2017\/09\/wp-image-1312360513.jpg\" alt=\"\" class=\"wp-image-1075 alignnone size-full\" width=\"2592\" height=\"1944\"><\/a><\/p>\n<p><a href=\"https:\/\/www.collegedelouest.ch\/wordpress\/wp-content\/uploads\/2017\/09\/wp-image-368003915.jpg\" class=\"mtli_attachment mtli_jpg\"><img loading=\"lazy\" decoding=\"async\" src=\"https:\/\/www.collegedelouest.ch\/wordpress\/wp-content\/uploads\/2017\/09\/wp-image-368003915.jpg\" alt=\"\" class=\"wp-image-1077 alignnone size-full\" width=\"2592\" height=\"1944\"><\/a><\/p>\n","protected":false},"excerpt":{"rendered":"<p>Ce lundi 28 ao\u00fbt, nous avons r\u00e9colt\u00e9 nos pommes de terre&#8230; Et betteraves&#8230; Prochaine le\u00e7on de maths, nous les p\u00e8serons et mesurerons ! Ci-dessous serons mis les r\u00e9sultats&#8230; Apr\u00e8s de savants calculs en colonnes (avec retenues)&#8230; nous avons 2,5 kg de pommes-de-terre !!! Voici les oignons&#8230;<\/p>\n","protected":false},"author":2,"featured_media":1065,"comment_status":"closed","ping_status":"open","sticky":false,"template":"","format":"image","meta":{"footnotes":""},"categories":[21,19],"tags":[],"class_list":["post-1064","post","type-post","status-publish","format-image","has-post-thumbnail","hentry","category-classe-celine-guyot-et-sylvie-kis","category-travaux-2017-18","post_format-post-format-image"],"_links":{"self":[{"href":"https:\/\/www.collegedelouest.ch\/wordpress\/wp-json\/wp\/v2\/posts\/1064","targetHints":{"allow":["GET"]}}],"collection":[{"href":"https:\/\/www.collegedelouest.ch\/wordpress\/wp-json\/wp\/v2\/posts"}],"about":[{"href":"https:\/\/www.collegedelouest.ch\/wordpress\/wp-json\/wp\/v2\/types\/post"}],"author":[{"embeddable":true,"href":"https:\/\/www.collegedelouest.ch\/wordpress\/wp-json\/wp\/v2\/users\/2"}],"replies":[{"embeddable":true,"href":"https:\/\/www.collegedelouest.ch\/wordpress\/wp-json\/wp\/v2\/comments?post=1064"}],"version-history":[{"count":4,"href":"https:\/\/www.collegedelouest.ch\/wordpress\/wp-json\/wp\/v2\/posts\/1064\/revisions"}],"predecessor-version":[{"id":1078,"href":"https:\/\/www.collegedelouest.ch\/wordpress\/wp-json\/wp\/v2\/posts\/1064\/revisions\/1078"}],"wp:featuredmedia":[{"embeddable":true,"href":"https:\/\/www.collegedelouest.ch\/wordpress\/wp-json\/wp\/v2\/media\/1065"}],"wp:attachment":[{"href":"https:\/\/www.collegedelouest.ch\/wordpress\/wp-json\/wp\/v2\/media?parent=1064"}],"wp:term":[{"taxonomy":"category","embeddable":true,"href":"https:\/\/www.collegedelouest.ch\/wordpress\/wp-json\/wp\/v2\/categories?post=1064"},{"taxonomy":"post_tag","embeddable":true,"href":"https:\/\/www.collegedelouest.ch\/wordpress\/wp-json\/wp\/v2\/tags?post=1064"}],"curies":[{"name":"wp","href":"https:\/\/api.w.org\/{rel}","templated":true}]}}