{"id":1079,"date":"2017-09-15T14:44:59","date_gmt":"2017-09-15T14:44:59","guid":{"rendered":"https:\/\/www.collegedelouest.ch\/wordpress\/?p=1079"},"modified":"2018-07-23T10:45:25","modified_gmt":"2018-07-23T10:45:25","slug":"visite-guidee-des-potagers-du-lycee","status":"publish","type":"post","link":"https:\/\/www.collegedelouest.ch\/wordpress\/2017\/09\/15\/visite-guidee-des-potagers-du-lycee\/","title":{"rendered":"Visite guid\u00e9e des potagers du Lyc\u00e9e&#8230;"},"content":{"rendered":"<p><b>R\u00e9servez le lundi 25 septembre sous le pr\u00e9au du Lyc\u00e9e Blaise-Cendrars \u00e0 18h00.<\/b><\/p>\n<p><b>Visite guid\u00e9e pour les personnes int\u00e9ress\u00e9es au projet des jardins partag\u00e9s du Lyc\u00e9e.<\/b><\/p>\n","protected":false},"excerpt":{"rendered":"<p>R\u00e9servez le lundi 25 septembre sous le pr\u00e9au du Lyc\u00e9e Blaise-Cendrars \u00e0 18h00. Visite guid\u00e9e pour les personnes int\u00e9ress\u00e9es au projet des jardins partag\u00e9s du Lyc\u00e9e.<\/p>\n","protected":false},"author":2,"featured_media":1050,"comment_status":"closed","ping_status":"open","sticky":false,"template":"","format":"image","meta":{"footnotes":""},"categories":[5,21,19,1],"tags":[],"class_list":["post-1079","post","type-post","status-publish","format-image","has-post-thumbnail","hentry","category-blog","category-classe-celine-guyot-et-sylvie-kis","category-travaux-2017-18","category-uncategorized","post_format-post-format-image"],"_links":{"self":[{"href":"https:\/\/www.collegedelouest.ch\/wordpress\/wp-json\/wp\/v2\/posts\/1079","targetHints":{"allow":["GET"]}}],"collection":[{"href":"https:\/\/www.collegedelouest.ch\/wordpress\/wp-json\/wp\/v2\/posts"}],"about":[{"href":"https:\/\/www.collegedelouest.ch\/wordpress\/wp-json\/wp\/v2\/types\/post"}],"author":[{"embeddable":true,"href":"https:\/\/www.collegedelouest.ch\/wordpress\/wp-json\/wp\/v2\/users\/2"}],"replies":[{"embeddable":true,"href":"https:\/\/www.collegedelouest.ch\/wordpress\/wp-json\/wp\/v2\/comments?post=1079"}],"version-history":[{"count":1,"href":"https:\/\/www.collegedelouest.ch\/wordpress\/wp-json\/wp\/v2\/posts\/1079\/revisions"}],"predecessor-version":[{"id":1080,"href":"https:\/\/www.collegedelouest.ch\/wordpress\/wp-json\/wp\/v2\/posts\/1079\/revisions\/1080"}],"wp:featuredmedia":[{"embeddable":true,"href":"https:\/\/www.collegedelouest.ch\/wordpress\/wp-json\/wp\/v2\/media\/1050"}],"wp:attachment":[{"href":"https:\/\/www.collegedelouest.ch\/wordpress\/wp-json\/wp\/v2\/media?parent=1079"}],"wp:term":[{"taxonomy":"category","embeddable":true,"href":"https:\/\/www.collegedelouest.ch\/wordpress\/wp-json\/wp\/v2\/categories?post=1079"},{"taxonomy":"post_tag","embeddable":true,"href":"https:\/\/www.collegedelouest.ch\/wordpress\/wp-json\/wp\/v2\/tags?post=1079"}],"curies":[{"name":"wp","href":"https:\/\/api.w.org\/{rel}","templated":true}]}}