{"id":1099,"date":"2017-12-07T18:52:57","date_gmt":"2017-12-07T18:52:57","guid":{"rendered":"https:\/\/www.collegedelouest.ch\/wordpress\/?p=1099"},"modified":"2019-07-28T16:44:21","modified_gmt":"2019-07-28T16:44:21","slug":"egalite-filles-garcons","status":"publish","type":"post","link":"https:\/\/www.collegedelouest.ch\/wordpress\/2017\/12\/07\/egalite-filles-garcons\/","title":{"rendered":"\u00c9galit\u00e9 filles-gar\u00e7ons"},"content":{"rendered":"<p>Jeudi 7 d\u00e9cembre, nous avons eu une animation sur l&rsquo;\u00e9galit\u00e9 entre les filles et les gar\u00e7ons pr\u00e9sent\u00e9e par Sigol\u00e8ne et Frederica de l&rsquo;association SEM (succ\u00e8s \u00e9galit\u00e9 mixit\u00e9). Cette animation a \u00e9t\u00e9 organis\u00e9e par le service de sant\u00e9 et promotion de la sant\u00e9. Il y a \u00e9galement eu un journaliste (Jordan Davis) de la radio RTS qui est venu suivre cette pr\u00e9sentation et nous interviewer pour l&rsquo;\u00e9mission \u00ab\u00a015 minutes\u00a0\u00bb. Elle a \u00e9t\u00e9 diffus\u00e9e samedi<b> 9 d\u00e9cembre \u00e0 12h45<\/b>&nbsp; \ud83d\ude09<\/p>\n<p>Sur ce lien, l&rsquo;adresse de l&rsquo;\u00e9mission \u00e0 venir:<\/p>\n<p><a href=\"https:\/\/www.rts.ch\/info\/dossiers\/quinze-minutes\/\">\u00c9mission 15 minutes<\/a><\/p>\n<p><a href=\"https:\/\/www.collegedelouest.ch\/wordpress\/wp-content\/uploads\/2017\/12\/img_20171207_1027521238384275.jpg\" class=\"mtli_attachment mtli_jpg\"><img loading=\"lazy\" decoding=\"async\" src=\"https:\/\/www.collegedelouest.ch\/wordpress\/wp-content\/uploads\/2017\/12\/img_20171207_1027521238384275.jpg\" alt=\"\" class=\"wp-image-1097 alignnone size-full\" width=\"3000\" height=\"2250\" srcset=\"https:\/\/www.collegedelouest.ch\/wordpress\/wp-content\/uploads\/2017\/12\/img_20171207_1027521238384275.jpg 3000w, https:\/\/www.collegedelouest.ch\/wordpress\/wp-content\/uploads\/2017\/12\/img_20171207_1027521238384275-300x225.jpg 300w, https:\/\/www.collegedelouest.ch\/wordpress\/wp-content\/uploads\/2017\/12\/img_20171207_1027521238384275-768x576.jpg 768w, https:\/\/www.collegedelouest.ch\/wordpress\/wp-content\/uploads\/2017\/12\/img_20171207_1027521238384275-1024x768.jpg 1024w, https:\/\/www.collegedelouest.ch\/wordpress\/wp-content\/uploads\/2017\/12\/img_20171207_1027521238384275-690x518.jpg 690w, https:\/\/www.collegedelouest.ch\/wordpress\/wp-content\/uploads\/2017\/12\/img_20171207_1027521238384275-980x735.jpg 980w\" sizes=\"auto, (max-width: 3000px) 100vw, 3000px\" \/><\/a><\/p>\n<p><a href=\"https:\/\/www.collegedelouest.ch\/wordpress\/wp-content\/uploads\/2017\/12\/20171208_1302201145352183.jpg\" class=\"mtli_attachment mtli_jpg\"><img loading=\"lazy\" decoding=\"async\" src=\"https:\/\/www.collegedelouest.ch\/wordpress\/wp-content\/uploads\/2017\/12\/20171208_1302201145352183.jpg\" alt=\"\" class=\"wp-image-1107 alignnone size-full\" width=\"3000\" height=\"2250\" srcset=\"https:\/\/www.collegedelouest.ch\/wordpress\/wp-content\/uploads\/2017\/12\/20171208_1302201145352183.jpg 3000w, https:\/\/www.collegedelouest.ch\/wordpress\/wp-content\/uploads\/2017\/12\/20171208_1302201145352183-300x225.jpg 300w, https:\/\/www.collegedelouest.ch\/wordpress\/wp-content\/uploads\/2017\/12\/20171208_1302201145352183-768x576.jpg 768w, https:\/\/www.collegedelouest.ch\/wordpress\/wp-content\/uploads\/2017\/12\/20171208_1302201145352183-1024x768.jpg 1024w, https:\/\/www.collegedelouest.ch\/wordpress\/wp-content\/uploads\/2017\/12\/20171208_1302201145352183-690x518.jpg 690w, https:\/\/www.collegedelouest.ch\/wordpress\/wp-content\/uploads\/2017\/12\/20171208_1302201145352183-980x735.jpg 980w\" sizes=\"auto, (max-width: 3000px) 100vw, 3000px\" \/><\/a><\/p>\n<p><a href=\"https:\/\/www.collegedelouest.ch\/wordpress\/wp-content\/uploads\/2017\/12\/20171208_1259031072799533.jpg\" class=\"mtli_attachment mtli_jpg\"><img loading=\"lazy\" decoding=\"async\" src=\"https:\/\/www.collegedelouest.ch\/wordpress\/wp-content\/uploads\/2017\/12\/20171208_1259031072799533.jpg\" alt=\"\" class=\"wp-image-1106 alignnone size-full\" width=\"3000\" height=\"2250\" srcset=\"https:\/\/www.collegedelouest.ch\/wordpress\/wp-content\/uploads\/2017\/12\/20171208_1259031072799533.jpg 3000w, https:\/\/www.collegedelouest.ch\/wordpress\/wp-content\/uploads\/2017\/12\/20171208_1259031072799533-300x225.jpg 300w, https:\/\/www.collegedelouest.ch\/wordpress\/wp-content\/uploads\/2017\/12\/20171208_1259031072799533-768x576.jpg 768w, https:\/\/www.collegedelouest.ch\/wordpress\/wp-content\/uploads\/2017\/12\/20171208_1259031072799533-1024x768.jpg 1024w, https:\/\/www.collegedelouest.ch\/wordpress\/wp-content\/uploads\/2017\/12\/20171208_1259031072799533-690x518.jpg 690w, https:\/\/www.collegedelouest.ch\/wordpress\/wp-content\/uploads\/2017\/12\/20171208_1259031072799533-980x735.jpg 980w\" sizes=\"auto, (max-width: 3000px) 100vw, 3000px\" \/><\/a><\/p>\n<p><a href=\"https:\/\/www.collegedelouest.ch\/wordpress\/wp-content\/uploads\/2017\/12\/20171208_123131309095047-1.jpg\" class=\"mtli_attachment mtli_jpg\"><img loading=\"lazy\" decoding=\"async\" src=\"https:\/\/www.collegedelouest.ch\/wordpress\/wp-content\/uploads\/2017\/12\/20171208_123131309095047-1.jpg\" alt=\"\" class=\"wp-image-1108 alignnone size-full\" width=\"3000\" height=\"2250\" srcset=\"https:\/\/www.collegedelouest.ch\/wordpress\/wp-content\/uploads\/2017\/12\/20171208_123131309095047-1.jpg 3000w, https:\/\/www.collegedelouest.ch\/wordpress\/wp-content\/uploads\/2017\/12\/20171208_123131309095047-1-300x225.jpg 300w, https:\/\/www.collegedelouest.ch\/wordpress\/wp-content\/uploads\/2017\/12\/20171208_123131309095047-1-768x576.jpg 768w, https:\/\/www.collegedelouest.ch\/wordpress\/wp-content\/uploads\/2017\/12\/20171208_123131309095047-1-1024x768.jpg 1024w, https:\/\/www.collegedelouest.ch\/wordpress\/wp-content\/uploads\/2017\/12\/20171208_123131309095047-1-690x518.jpg 690w, https:\/\/www.collegedelouest.ch\/wordpress\/wp-content\/uploads\/2017\/12\/20171208_123131309095047-1-980x735.jpg 980w\" sizes=\"auto, (max-width: 3000px) 100vw, 3000px\" \/><\/a><\/p>\n","protected":false},"excerpt":{"rendered":"<p>Jeudi 7 d\u00e9cembre, nous avons eu une animation sur l&rsquo;\u00e9galit\u00e9 entre les filles et les gar\u00e7ons pr\u00e9sent\u00e9e par Sigol\u00e8ne et Frederica de l&rsquo;association SEM (succ\u00e8s \u00e9galit\u00e9 mixit\u00e9). Cette animation a \u00e9t\u00e9 organis\u00e9e par le service de sant\u00e9 et promotion de la sant\u00e9. Il y a \u00e9galement eu un journaliste (Jordan Davis) de la radio RTS [&hellip;]<\/p>\n","protected":false},"author":2,"featured_media":1098,"comment_status":"closed","ping_status":"open","sticky":false,"template":"","format":"image","meta":{"footnotes":""},"categories":[22,5,21,19,25],"tags":[],"class_list":["post-1099","post","type-post","status-publish","format-image","has-post-thumbnail","hentry","category-archives-celine","category-blog","category-classe-celine-guyot-et-sylvie-kis","category-travaux-2017-18","category-travaux-2018-19","post_format-post-format-image"],"_links":{"self":[{"href":"https:\/\/www.collegedelouest.ch\/wordpress\/wp-json\/wp\/v2\/posts\/1099","targetHints":{"allow":["GET"]}}],"collection":[{"href":"https:\/\/www.collegedelouest.ch\/wordpress\/wp-json\/wp\/v2\/posts"}],"about":[{"href":"https:\/\/www.collegedelouest.ch\/wordpress\/wp-json\/wp\/v2\/types\/post"}],"author":[{"embeddable":true,"href":"https:\/\/www.collegedelouest.ch\/wordpress\/wp-json\/wp\/v2\/users\/2"}],"replies":[{"embeddable":true,"href":"https:\/\/www.collegedelouest.ch\/wordpress\/wp-json\/wp\/v2\/comments?post=1099"}],"version-history":[{"count":6,"href":"https:\/\/www.collegedelouest.ch\/wordpress\/wp-json\/wp\/v2\/posts\/1099\/revisions"}],"predecessor-version":[{"id":1112,"href":"https:\/\/www.collegedelouest.ch\/wordpress\/wp-json\/wp\/v2\/posts\/1099\/revisions\/1112"}],"wp:featuredmedia":[{"embeddable":true,"href":"https:\/\/www.collegedelouest.ch\/wordpress\/wp-json\/wp\/v2\/media\/1098"}],"wp:attachment":[{"href":"https:\/\/www.collegedelouest.ch\/wordpress\/wp-json\/wp\/v2\/media?parent=1099"}],"wp:term":[{"taxonomy":"category","embeddable":true,"href":"https:\/\/www.collegedelouest.ch\/wordpress\/wp-json\/wp\/v2\/categories?post=1099"},{"taxonomy":"post_tag","embeddable":true,"href":"https:\/\/www.collegedelouest.ch\/wordpress\/wp-json\/wp\/v2\/tags?post=1099"}],"curies":[{"name":"wp","href":"https:\/\/api.w.org\/{rel}","templated":true}]}}