{"id":1118,"date":"2018-01-24T18:51:57","date_gmt":"2018-01-24T18:51:57","guid":{"rendered":"https:\/\/www.collegedelouest.ch\/wordpress\/?p=1118"},"modified":"2019-07-28T16:44:21","modified_gmt":"2019-07-28T16:44:21","slug":"concert-de-notre-chorale","status":"publish","type":"post","link":"https:\/\/www.collegedelouest.ch\/wordpress\/2018\/01\/24\/concert-de-notre-chorale\/","title":{"rendered":"MERCI pour votre soutien !"},"content":{"rendered":"<p><b>R\u00e9servez la date du<\/b><i><b> jeudi 15 f\u00e9vrier 2018<\/b><\/i><b>.<\/b><\/p>\n<p><b>Les \u00e9l\u00e8ves des classes 3H et 4H vont chanter sur le th\u00e8me des v\u00e9hicules au temple Farel \u00e0 19h30.<\/b><\/p>\n<p>Venez nombreux !<\/p>\n<p>Entr\u00e9e libre, collecte \u00e0 la sortie.<\/p>\n<p><img loading=\"lazy\" decoding=\"async\" class=\"alignnone size-full wp-image-1125\" src=\"https:\/\/www.collegedelouest.ch\/wordpress\/wp-content\/uploads\/2018\/01\/img_20180129_07481901175876028..jpg\" width=\"2096\" height=\"3000\" data-wpid=\"79\" srcset=\"https:\/\/www.collegedelouest.ch\/wordpress\/wp-content\/uploads\/2018\/01\/img_20180129_07481901175876028..jpg 2096w, https:\/\/www.collegedelouest.ch\/wordpress\/wp-content\/uploads\/2018\/01\/img_20180129_07481901175876028.-210x300.jpg 210w, https:\/\/www.collegedelouest.ch\/wordpress\/wp-content\/uploads\/2018\/01\/img_20180129_07481901175876028.-768x1099.jpg 768w, https:\/\/www.collegedelouest.ch\/wordpress\/wp-content\/uploads\/2018\/01\/img_20180129_07481901175876028.-715x1024.jpg 715w, https:\/\/www.collegedelouest.ch\/wordpress\/wp-content\/uploads\/2018\/01\/img_20180129_07481901175876028.-690x988.jpg 690w, https:\/\/www.collegedelouest.ch\/wordpress\/wp-content\/uploads\/2018\/01\/img_20180129_07481901175876028.-980x1403.jpg 980w\" sizes=\"auto, (max-width: 2096px) 100vw, 2096px\" \/><\/p>\n","protected":false},"excerpt":{"rendered":"<p>R\u00e9servez la date du jeudi 15 f\u00e9vrier 2018. Les \u00e9l\u00e8ves des classes 3H et 4H vont chanter sur le th\u00e8me des v\u00e9hicules au temple Farel \u00e0 19h30. Venez nombreux ! Entr\u00e9e libre, collecte \u00e0 la sortie.<\/p>\n","protected":false},"author":2,"featured_media":1126,"comment_status":"closed","ping_status":"open","sticky":false,"template":"","format":"image","meta":{"footnotes":""},"categories":[22,5,21,19,25,1],"tags":[],"class_list":["post-1118","post","type-post","status-publish","format-image","has-post-thumbnail","hentry","category-archives-celine","category-blog","category-classe-celine-guyot-et-sylvie-kis","category-travaux-2017-18","category-travaux-2018-19","category-uncategorized","post_format-post-format-image"],"_links":{"self":[{"href":"https:\/\/www.collegedelouest.ch\/wordpress\/wp-json\/wp\/v2\/posts\/1118","targetHints":{"allow":["GET"]}}],"collection":[{"href":"https:\/\/www.collegedelouest.ch\/wordpress\/wp-json\/wp\/v2\/posts"}],"about":[{"href":"https:\/\/www.collegedelouest.ch\/wordpress\/wp-json\/wp\/v2\/types\/post"}],"author":[{"embeddable":true,"href":"https:\/\/www.collegedelouest.ch\/wordpress\/wp-json\/wp\/v2\/users\/2"}],"replies":[{"embeddable":true,"href":"https:\/\/www.collegedelouest.ch\/wordpress\/wp-json\/wp\/v2\/comments?post=1118"}],"version-history":[{"count":7,"href":"https:\/\/www.collegedelouest.ch\/wordpress\/wp-json\/wp\/v2\/posts\/1118\/revisions"}],"predecessor-version":[{"id":1130,"href":"https:\/\/www.collegedelouest.ch\/wordpress\/wp-json\/wp\/v2\/posts\/1118\/revisions\/1130"}],"wp:featuredmedia":[{"embeddable":true,"href":"https:\/\/www.collegedelouest.ch\/wordpress\/wp-json\/wp\/v2\/media\/1126"}],"wp:attachment":[{"href":"https:\/\/www.collegedelouest.ch\/wordpress\/wp-json\/wp\/v2\/media?parent=1118"}],"wp:term":[{"taxonomy":"category","embeddable":true,"href":"https:\/\/www.collegedelouest.ch\/wordpress\/wp-json\/wp\/v2\/categories?post=1118"},{"taxonomy":"post_tag","embeddable":true,"href":"https:\/\/www.collegedelouest.ch\/wordpress\/wp-json\/wp\/v2\/tags?post=1118"}],"curies":[{"name":"wp","href":"https:\/\/api.w.org\/{rel}","templated":true}]}}