{"id":1131,"date":"2018-04-23T14:38:31","date_gmt":"2018-04-23T14:38:31","guid":{"rendered":"https:\/\/www.collegedelouest.ch\/wordpress\/?p=1131"},"modified":"2019-07-28T16:44:21","modified_gmt":"2019-07-28T16:44:21","slug":"notre-potager-cest-reparti","status":"publish","type":"post","link":"https:\/\/www.collegedelouest.ch\/wordpress\/2018\/04\/23\/notre-potager-cest-reparti\/","title":{"rendered":"Notre potager, c&rsquo;est reparti!"},"content":{"rendered":"<p><img loading=\"lazy\" decoding=\"async\" class=\"alignnone wp-image-1138 size-full\" src=\"https:\/\/www.collegedelouest.ch\/wordpress\/wp-content\/uploads\/2018\/04\/20180424_2117141232493344.jpg\" width=\"3000\" height=\"2250\" srcset=\"https:\/\/www.collegedelouest.ch\/wordpress\/wp-content\/uploads\/2018\/04\/20180424_2117141232493344.jpg 3000w, https:\/\/www.collegedelouest.ch\/wordpress\/wp-content\/uploads\/2018\/04\/20180424_2117141232493344-300x225.jpg 300w, https:\/\/www.collegedelouest.ch\/wordpress\/wp-content\/uploads\/2018\/04\/20180424_2117141232493344-768x576.jpg 768w, https:\/\/www.collegedelouest.ch\/wordpress\/wp-content\/uploads\/2018\/04\/20180424_2117141232493344-1024x768.jpg 1024w, https:\/\/www.collegedelouest.ch\/wordpress\/wp-content\/uploads\/2018\/04\/20180424_2117141232493344-690x518.jpg 690w, https:\/\/www.collegedelouest.ch\/wordpress\/wp-content\/uploads\/2018\/04\/20180424_2117141232493344-980x735.jpg 980w\" sizes=\"auto, (max-width: 3000px) 100vw, 3000px\" \/><\/p>\n<p><b>Lundi 23 avril:<\/b><\/p>\n<p><b>Nous avons creus\u00e9 des trous pour faire des pi\u00e8ges et aussi des trous pour mettre des plantes.<\/b><\/p>\n<p><b>Samy<\/b><\/p>\n<p><b>On a fait des pi\u00e8ges \u00e0 limaces.<\/b><\/p>\n<p><b>Alessio<\/b><\/p>\n<p><b>On a plant\u00e9 des oignons et on a trouv\u00e9 des vers de terre.<\/b><\/p>\n<p><b>Lidia<\/b><\/p>\n<p><b>J&rsquo;ai plant\u00e9 une sauge avec May-Lee.<\/b><\/p>\n<p><b>Diellza<\/b><\/p>\n<p><b>J&rsquo;ai coup\u00e9 de l&rsquo;herbe.<\/b><\/p>\n<p><b>Tyara<\/b><\/p>\n<p><b>J&rsquo;ai enlev\u00e9 les feuilles avec ma copine.<\/b><\/p>\n<p><b>In\u00eas<\/b><\/p>\n<p><b>Il ne faisait pas beau.<\/b><\/p>\n<p><b>Lindsey<\/b><\/p>\n<p><b>J&rsquo;ai couru avec Samy dans l&rsquo;herbe.<\/b><\/p>\n<p><b>Chrys<\/b><\/p>\n<p><b>On est all\u00e9 avec la classe \u00e0 Caroline.<\/b><\/p>\n<p><b>May-Lee<\/b><\/p>\n<p><img loading=\"lazy\" decoding=\"async\" class=\"alignnone wp-image-1139 size-full\" src=\"https:\/\/www.collegedelouest.ch\/wordpress\/wp-content\/uploads\/2018\/04\/20180424_2114272115596860.jpg\" width=\"3000\" height=\"2250\" srcset=\"https:\/\/www.collegedelouest.ch\/wordpress\/wp-content\/uploads\/2018\/04\/20180424_2114272115596860.jpg 3000w, https:\/\/www.collegedelouest.ch\/wordpress\/wp-content\/uploads\/2018\/04\/20180424_2114272115596860-300x225.jpg 300w, https:\/\/www.collegedelouest.ch\/wordpress\/wp-content\/uploads\/2018\/04\/20180424_2114272115596860-768x576.jpg 768w, https:\/\/www.collegedelouest.ch\/wordpress\/wp-content\/uploads\/2018\/04\/20180424_2114272115596860-1024x768.jpg 1024w, https:\/\/www.collegedelouest.ch\/wordpress\/wp-content\/uploads\/2018\/04\/20180424_2114272115596860-690x518.jpg 690w, https:\/\/www.collegedelouest.ch\/wordpress\/wp-content\/uploads\/2018\/04\/20180424_2114272115596860-980x735.jpg 980w\" sizes=\"auto, (max-width: 3000px) 100vw, 3000px\" \/><\/p>\n<p><img decoding=\"async\" class=\"size-full\" data-wpid=\"181\" src=\"https:\/\/www.collegedelouest.ch\/wordpress\/wp-content\/uploads\/2018\/04\/20180424_211330405543705.jpg\"><\/p>\n<p><img loading=\"lazy\" decoding=\"async\" class=\"alignnone wp-image-1142 size-full\" src=\"https:\/\/www.collegedelouest.ch\/wordpress\/wp-content\/uploads\/2018\/04\/20180423_1418111948832645-1.jpg\" width=\"3000\" height=\"2250\" srcset=\"https:\/\/www.collegedelouest.ch\/wordpress\/wp-content\/uploads\/2018\/04\/20180423_1418111948832645-1.jpg 3000w, https:\/\/www.collegedelouest.ch\/wordpress\/wp-content\/uploads\/2018\/04\/20180423_1418111948832645-1-300x225.jpg 300w, https:\/\/www.collegedelouest.ch\/wordpress\/wp-content\/uploads\/2018\/04\/20180423_1418111948832645-1-768x576.jpg 768w, https:\/\/www.collegedelouest.ch\/wordpress\/wp-content\/uploads\/2018\/04\/20180423_1418111948832645-1-1024x768.jpg 1024w, https:\/\/www.collegedelouest.ch\/wordpress\/wp-content\/uploads\/2018\/04\/20180423_1418111948832645-1-690x518.jpg 690w, https:\/\/www.collegedelouest.ch\/wordpress\/wp-content\/uploads\/2018\/04\/20180423_1418111948832645-1-980x735.jpg 980w\" sizes=\"auto, (max-width: 3000px) 100vw, 3000px\" \/><\/p>\n<p><b>En classe, le mardi 24 avril:<\/b><\/p>\n<p><img loading=\"lazy\" decoding=\"async\" class=\"alignnone wp-image-1145 size-full\" src=\"https:\/\/www.collegedelouest.ch\/wordpress\/wp-content\/uploads\/2018\/04\/img_20180424_0744021018057537.jpg\" width=\"3000\" height=\"2250\" srcset=\"https:\/\/www.collegedelouest.ch\/wordpress\/wp-content\/uploads\/2018\/04\/img_20180424_0744021018057537.jpg 3000w, https:\/\/www.collegedelouest.ch\/wordpress\/wp-content\/uploads\/2018\/04\/img_20180424_0744021018057537-300x225.jpg 300w, https:\/\/www.collegedelouest.ch\/wordpress\/wp-content\/uploads\/2018\/04\/img_20180424_0744021018057537-768x576.jpg 768w, https:\/\/www.collegedelouest.ch\/wordpress\/wp-content\/uploads\/2018\/04\/img_20180424_0744021018057537-1024x768.jpg 1024w, https:\/\/www.collegedelouest.ch\/wordpress\/wp-content\/uploads\/2018\/04\/img_20180424_0744021018057537-690x518.jpg 690w, https:\/\/www.collegedelouest.ch\/wordpress\/wp-content\/uploads\/2018\/04\/img_20180424_0744021018057537-980x735.jpg 980w\" sizes=\"auto, (max-width: 3000px) 100vw, 3000px\" \/><\/p>\n<p><b>Savez-vous planter les choux-pomme ?? C&rsquo;est ce qu&rsquo;\u00e0 fait le groupe de ce jeudi 26 avril. Avec les radis, la salade \u00e0 tondre et la sauge&#8230; Maintenant, chchcht et patience!<\/b><\/p>\n<p><img decoding=\"async\" class=\"size-full\" data-wpid=\"83\" src=\"https:\/\/www.collegedelouest.ch\/wordpress\/wp-content\/uploads\/2018\/04\/img_20180426_144015692578988.jpg\"><\/p>\n<p><img decoding=\"async\" class=\"size-full\" data-wpid=\"84\" src=\"https:\/\/www.collegedelouest.ch\/wordpress\/wp-content\/uploads\/2018\/04\/img_20180426_143121720570415.jpg\" data-temp-aztec-id=\"929fcf4a-3889-421f-b427-74e65a7bd57d\"><\/p>\n<p><b>Et voici les premi\u00e8res pousses en classe, 7 jours plus<\/b> tard:<\/p>\n<p><b>Colraves:<\/b><\/p>\n<p><img loading=\"lazy\" decoding=\"async\" src=\"https:\/\/www.collegedelouest.ch\/wordpress\/wp-content\/uploads\/2018\/04\/img_20180430_070842-404054163.jpg\" class=\"alignnone size-full wp-image-1151\" width=\"3000\" height=\"2250\" srcset=\"https:\/\/www.collegedelouest.ch\/wordpress\/wp-content\/uploads\/2018\/04\/img_20180430_070842-404054163.jpg 3000w, https:\/\/www.collegedelouest.ch\/wordpress\/wp-content\/uploads\/2018\/04\/img_20180430_070842-404054163-300x225.jpg 300w, https:\/\/www.collegedelouest.ch\/wordpress\/wp-content\/uploads\/2018\/04\/img_20180430_070842-404054163-768x576.jpg 768w, https:\/\/www.collegedelouest.ch\/wordpress\/wp-content\/uploads\/2018\/04\/img_20180430_070842-404054163-1024x768.jpg 1024w, https:\/\/www.collegedelouest.ch\/wordpress\/wp-content\/uploads\/2018\/04\/img_20180430_070842-404054163-690x518.jpg 690w, https:\/\/www.collegedelouest.ch\/wordpress\/wp-content\/uploads\/2018\/04\/img_20180430_070842-404054163-980x735.jpg 980w\" sizes=\"auto, (max-width: 3000px) 100vw, 3000px\" \/><\/p>\n<p><b>Tournesols:<\/b><\/p>\n<p><img loading=\"lazy\" decoding=\"async\" src=\"https:\/\/www.collegedelouest.ch\/wordpress\/wp-content\/uploads\/2018\/04\/img_20180430_070814-1503365535.jpg\" class=\"alignnone wp-image-1152 size-full\" width=\"3000\" height=\"2250\" srcset=\"https:\/\/www.collegedelouest.ch\/wordpress\/wp-content\/uploads\/2018\/04\/img_20180430_070814-1503365535.jpg 3000w, https:\/\/www.collegedelouest.ch\/wordpress\/wp-content\/uploads\/2018\/04\/img_20180430_070814-1503365535-300x225.jpg 300w, https:\/\/www.collegedelouest.ch\/wordpress\/wp-content\/uploads\/2018\/04\/img_20180430_070814-1503365535-768x576.jpg 768w, https:\/\/www.collegedelouest.ch\/wordpress\/wp-content\/uploads\/2018\/04\/img_20180430_070814-1503365535-1024x768.jpg 1024w, https:\/\/www.collegedelouest.ch\/wordpress\/wp-content\/uploads\/2018\/04\/img_20180430_070814-1503365535-690x518.jpg 690w, https:\/\/www.collegedelouest.ch\/wordpress\/wp-content\/uploads\/2018\/04\/img_20180430_070814-1503365535-980x735.jpg 980w\" sizes=\"auto, (max-width: 3000px) 100vw, 3000px\" \/><\/p>\n<p><b>Courges:<\/b><\/p>\n<p><img loading=\"lazy\" decoding=\"async\" src=\"https:\/\/www.collegedelouest.ch\/wordpress\/wp-content\/uploads\/2018\/04\/img_20180430_0707471538817734.jpg\" class=\"alignnone wp-image-1153 size-full\" width=\"3000\" height=\"2250\" srcset=\"https:\/\/www.collegedelouest.ch\/wordpress\/wp-content\/uploads\/2018\/04\/img_20180430_0707471538817734.jpg 3000w, https:\/\/www.collegedelouest.ch\/wordpress\/wp-content\/uploads\/2018\/04\/img_20180430_0707471538817734-300x225.jpg 300w, https:\/\/www.collegedelouest.ch\/wordpress\/wp-content\/uploads\/2018\/04\/img_20180430_0707471538817734-768x576.jpg 768w, https:\/\/www.collegedelouest.ch\/wordpress\/wp-content\/uploads\/2018\/04\/img_20180430_0707471538817734-1024x768.jpg 1024w, https:\/\/www.collegedelouest.ch\/wordpress\/wp-content\/uploads\/2018\/04\/img_20180430_0707471538817734-690x518.jpg 690w, https:\/\/www.collegedelouest.ch\/wordpress\/wp-content\/uploads\/2018\/04\/img_20180430_0707471538817734-980x735.jpg 980w\" sizes=\"auto, (max-width: 3000px) 100vw, 3000px\" \/><\/p>\n","protected":false},"excerpt":{"rendered":"<p>Lundi 23 avril: Nous avons creus\u00e9 des trous pour faire des pi\u00e8ges et aussi des trous pour mettre des plantes. Samy On a fait des pi\u00e8ges \u00e0 limaces. Alessio On a plant\u00e9 des oignons et on a trouv\u00e9 des vers de terre. Lidia J&rsquo;ai plant\u00e9 une sauge avec May-Lee. Diellza J&rsquo;ai coup\u00e9 de l&rsquo;herbe. Tyara [&hellip;]<\/p>\n","protected":false},"author":2,"featured_media":1134,"comment_status":"closed","ping_status":"open","sticky":false,"template":"","format":"image","meta":{"footnotes":""},"categories":[22,5,21,19,25,1],"tags":[],"class_list":["post-1131","post","type-post","status-publish","format-image","has-post-thumbnail","hentry","category-archives-celine","category-blog","category-classe-celine-guyot-et-sylvie-kis","category-travaux-2017-18","category-travaux-2018-19","category-uncategorized","post_format-post-format-image"],"_links":{"self":[{"href":"https:\/\/www.collegedelouest.ch\/wordpress\/wp-json\/wp\/v2\/posts\/1131","targetHints":{"allow":["GET"]}}],"collection":[{"href":"https:\/\/www.collegedelouest.ch\/wordpress\/wp-json\/wp\/v2\/posts"}],"about":[{"href":"https:\/\/www.collegedelouest.ch\/wordpress\/wp-json\/wp\/v2\/types\/post"}],"author":[{"embeddable":true,"href":"https:\/\/www.collegedelouest.ch\/wordpress\/wp-json\/wp\/v2\/users\/2"}],"replies":[{"embeddable":true,"href":"https:\/\/www.collegedelouest.ch\/wordpress\/wp-json\/wp\/v2\/comments?post=1131"}],"version-history":[{"count":10,"href":"https:\/\/www.collegedelouest.ch\/wordpress\/wp-json\/wp\/v2\/posts\/1131\/revisions"}],"predecessor-version":[{"id":1154,"href":"https:\/\/www.collegedelouest.ch\/wordpress\/wp-json\/wp\/v2\/posts\/1131\/revisions\/1154"}],"wp:featuredmedia":[{"embeddable":true,"href":"https:\/\/www.collegedelouest.ch\/wordpress\/wp-json\/wp\/v2\/media\/1134"}],"wp:attachment":[{"href":"https:\/\/www.collegedelouest.ch\/wordpress\/wp-json\/wp\/v2\/media?parent=1131"}],"wp:term":[{"taxonomy":"category","embeddable":true,"href":"https:\/\/www.collegedelouest.ch\/wordpress\/wp-json\/wp\/v2\/categories?post=1131"},{"taxonomy":"post_tag","embeddable":true,"href":"https:\/\/www.collegedelouest.ch\/wordpress\/wp-json\/wp\/v2\/tags?post=1131"}],"curies":[{"name":"wp","href":"https:\/\/api.w.org\/{rel}","templated":true}]}}