{"id":1258,"date":"2018-05-24T18:49:04","date_gmt":"2018-05-24T18:49:04","guid":{"rendered":"https:\/\/www.collegedelouest.ch\/wordpress\/?p=1258"},"modified":"2019-07-28T16:44:21","modified_gmt":"2019-07-28T16:44:21","slug":"les-expressions-au-jardin","status":"publish","type":"post","link":"https:\/\/www.collegedelouest.ch\/wordpress\/2018\/05\/24\/les-expressions-au-jardin\/","title":{"rendered":"Les expressions au jardin"},"content":{"rendered":"<p><b>Venez visiter notre potager et les nouveaux panneaux des expressions sur le th\u00e8me des fruits et l\u00e9gumes.<\/b><\/p>\n<p><b>Nous y avons mis des QR codes \u00e0 \u00ab\u00a0flasher\u00a0\u00bb. Un lien vous sera propos\u00e9 sur notre site, puis plus pr\u00e9cis\u00e9ment sur les dessins des enfants et explications des expressions.<\/b><\/p>\n<p><b>En visitant le potager, vous pourrez constater des granul\u00e9s \u00a0\u00bb anti-limaces\u00a0\u00bb.<\/b><\/p>\n<p><b>L&rsquo;ann\u00e9e derni\u00e8re, nous avons eu des invasions. Jusqu&rsquo;\u00e0 cinquante limaces par soir y \u00e9taient chass\u00e9es.<\/b><\/p>\n<p><b>Cette ann\u00e9e, nous avons trouv\u00e9 des granul\u00e9s bio pour jardin BIO. Nous essayons donc&#8230;<\/b><\/p>\n<p><b>Bonne visite!<\/b><\/p>\n<p><img decoding=\"async\" class=\"size-full\" data-wpid=\"143\" src=\"https:\/\/www.collegedelouest.ch\/wordpress\/wp-content\/uploads\/2018\/05\/img_20180524_195602-731615677.jpg\"><\/p>\n<p><img decoding=\"async\" class=\"size-full\" data-wpid=\"144\" src=\"https:\/\/www.collegedelouest.ch\/wordpress\/wp-content\/uploads\/2018\/05\/img_20180524_145018548734989.jpg\"><\/p>\n<p><img loading=\"lazy\" decoding=\"async\" class=\"alignnone wp-image-1256 size-full\" src=\"https:\/\/www.collegedelouest.ch\/wordpress\/wp-content\/uploads\/2018\/05\/img_20180524_202143_386546564127.jpg\" width=\"960\" height=\"1280\" srcset=\"https:\/\/www.collegedelouest.ch\/wordpress\/wp-content\/uploads\/2018\/05\/img_20180524_202143_386546564127.jpg 960w, https:\/\/www.collegedelouest.ch\/wordpress\/wp-content\/uploads\/2018\/05\/img_20180524_202143_386546564127-225x300.jpg 225w, https:\/\/www.collegedelouest.ch\/wordpress\/wp-content\/uploads\/2018\/05\/img_20180524_202143_386546564127-768x1024.jpg 768w, https:\/\/www.collegedelouest.ch\/wordpress\/wp-content\/uploads\/2018\/05\/img_20180524_202143_386546564127-690x920.jpg 690w\" sizes=\"auto, (max-width: 960px) 100vw, 960px\" \/><\/p>\n","protected":false},"excerpt":{"rendered":"<p>Venez visiter notre potager et les nouveaux panneaux des expressions sur le th\u00e8me des fruits et l\u00e9gumes. Nous y avons mis des QR codes \u00e0 \u00ab\u00a0flasher\u00a0\u00bb. Un lien vous sera propos\u00e9 sur notre site, puis plus pr\u00e9cis\u00e9ment sur les dessins des enfants et explications des expressions. En visitant le potager, vous pourrez constater des granul\u00e9s [&hellip;]<\/p>\n","protected":false},"author":2,"featured_media":1261,"comment_status":"closed","ping_status":"open","sticky":false,"template":"","format":"image","meta":{"footnotes":""},"categories":[22,5,21,19,25,1],"tags":[],"class_list":["post-1258","post","type-post","status-publish","format-image","has-post-thumbnail","hentry","category-archives-celine","category-blog","category-classe-celine-guyot-et-sylvie-kis","category-travaux-2017-18","category-travaux-2018-19","category-uncategorized","post_format-post-format-image"],"_links":{"self":[{"href":"https:\/\/www.collegedelouest.ch\/wordpress\/wp-json\/wp\/v2\/posts\/1258","targetHints":{"allow":["GET"]}}],"collection":[{"href":"https:\/\/www.collegedelouest.ch\/wordpress\/wp-json\/wp\/v2\/posts"}],"about":[{"href":"https:\/\/www.collegedelouest.ch\/wordpress\/wp-json\/wp\/v2\/types\/post"}],"author":[{"embeddable":true,"href":"https:\/\/www.collegedelouest.ch\/wordpress\/wp-json\/wp\/v2\/users\/2"}],"replies":[{"embeddable":true,"href":"https:\/\/www.collegedelouest.ch\/wordpress\/wp-json\/wp\/v2\/comments?post=1258"}],"version-history":[{"count":4,"href":"https:\/\/www.collegedelouest.ch\/wordpress\/wp-json\/wp\/v2\/posts\/1258\/revisions"}],"predecessor-version":[{"id":1266,"href":"https:\/\/www.collegedelouest.ch\/wordpress\/wp-json\/wp\/v2\/posts\/1258\/revisions\/1266"}],"wp:featuredmedia":[{"embeddable":true,"href":"https:\/\/www.collegedelouest.ch\/wordpress\/wp-json\/wp\/v2\/media\/1261"}],"wp:attachment":[{"href":"https:\/\/www.collegedelouest.ch\/wordpress\/wp-json\/wp\/v2\/media?parent=1258"}],"wp:term":[{"taxonomy":"category","embeddable":true,"href":"https:\/\/www.collegedelouest.ch\/wordpress\/wp-json\/wp\/v2\/categories?post=1258"},{"taxonomy":"post_tag","embeddable":true,"href":"https:\/\/www.collegedelouest.ch\/wordpress\/wp-json\/wp\/v2\/tags?post=1258"}],"curies":[{"name":"wp","href":"https:\/\/api.w.org\/{rel}","templated":true}]}}