{"id":1278,"date":"2018-06-12T04:26:40","date_gmt":"2018-06-12T04:26:40","guid":{"rendered":"https:\/\/www.collegedelouest.ch\/wordpress\/?p=1278"},"modified":"2019-07-28T16:44:21","modified_gmt":"2019-07-28T16:44:21","slug":"premiere-cueillette","status":"publish","type":"post","link":"https:\/\/www.collegedelouest.ch\/wordpress\/2018\/06\/12\/premiere-cueillette\/","title":{"rendered":"Premi\u00e8re cueillette"},"content":{"rendered":"<p><img loading=\"lazy\" decoding=\"async\" class=\"alignnone size-full wp-image-1282\" src=\"https:\/\/www.collegedelouest.ch\/wordpress\/wp-content\/uploads\/2018\/06\/img_20180611_095318185034787.jpg\" width=\"2250\" height=\"3000\" data-temp-aztec-id=\"9b0b62cd-ebc3-43d2-9dec-91c279b44b78\" srcset=\"https:\/\/www.collegedelouest.ch\/wordpress\/wp-content\/uploads\/2018\/06\/img_20180611_095318185034787.jpg 2250w, https:\/\/www.collegedelouest.ch\/wordpress\/wp-content\/uploads\/2018\/06\/img_20180611_095318185034787-225x300.jpg 225w, https:\/\/www.collegedelouest.ch\/wordpress\/wp-content\/uploads\/2018\/06\/img_20180611_095318185034787-768x1024.jpg 768w, https:\/\/www.collegedelouest.ch\/wordpress\/wp-content\/uploads\/2018\/06\/img_20180611_095318185034787-690x920.jpg 690w, https:\/\/www.collegedelouest.ch\/wordpress\/wp-content\/uploads\/2018\/06\/img_20180611_095318185034787-980x1307.jpg 980w\" sizes=\"auto, (max-width: 2250px) 100vw, 2250px\" \/><\/p>\n<p><b>Lundi 11 juin, nous avons go\u00fbt\u00e9 nos premiers radis&#8230;<\/b><\/p>\n<p><b>Voici les constatations \u00e9crites \u00e0 l&rsquo;ordinateur par les enfants:<\/b><\/p>\n<p>&#8211; C&rsquo;\u00e9tait bon, mais c&rsquo;\u00e9tait fort et piquant. Elias<\/p>\n<p>&#8211; C&rsquo;\u00e9tait pas bon, parce que c&rsquo;\u00e9tait piquant. Valentino<\/p>\n<p>&#8211; C&rsquo;\u00e9tait piquant et froid, mais bon. Giulia<\/p>\n<p>&#8211; C&rsquo;\u00e9tait bon et piquant et froid. Tomas<\/p>\n<p>&#8211; C&rsquo;\u00e9tait pas piquant au d\u00e9but, mais apr\u00e8s c&rsquo;\u00e9tait un petit peu piquant. Samy<\/p>\n<p>&#8211; C&rsquo;\u00e9tait bon, j&rsquo;\u00e9tais tr\u00e8s contente, c&rsquo;est tr\u00e8s bon et c&rsquo;est tr\u00e8s piquant. Tyara<\/p>\n<p>&#8211; C&rsquo;\u00e9tait bon, un peu fort, mais j&rsquo;ai bien aim\u00e9. Diogo<\/p>\n<p>&#8211; C&rsquo;\u00e9tait bon, mais un peu fort mais j&rsquo;ai BIEN aim\u00e9. Mathys<\/p>\n<p>&#8211; C&rsquo;\u00e9tait bon, mais piquant et c&rsquo;\u00e9tait froid. Patricia<\/p>\n<p>s piquant et j&rsquo;ai bien aim\u00e9. Leonardo<\/p>\n<p>&#8211; Ce n\u00e9tait pas tr\u00e8s bon quand \u00e7a piquait la langue. Aur\u00e9a<\/p>\n<p>&#8211; C&rsquo;\u00e9tait fort, mais bon. May-Lee<\/p>\n<p>&#8211; C&rsquo;\u00e9tait trop bon, mais le deuxi\u00e8me \u00e9tait fort. Andi<\/p>\n","protected":false},"excerpt":{"rendered":"<p>Lundi 11 juin, nous avons go\u00fbt\u00e9 nos premiers radis&#8230; Voici les constatations \u00e9crites \u00e0 l&rsquo;ordinateur par les enfants: &#8211; C&rsquo;\u00e9tait bon, mais c&rsquo;\u00e9tait fort et piquant. Elias &#8211; C&rsquo;\u00e9tait pas bon, parce que c&rsquo;\u00e9tait piquant. Valentino &#8211; C&rsquo;\u00e9tait piquant et froid, mais bon. Giulia &#8211; C&rsquo;\u00e9tait bon et piquant et froid. Tomas &#8211; C&rsquo;\u00e9tait pas [&hellip;]<\/p>\n","protected":false},"author":2,"featured_media":1283,"comment_status":"closed","ping_status":"open","sticky":false,"template":"","format":"image","meta":{"footnotes":""},"categories":[22,5,21,19,25],"tags":[],"class_list":["post-1278","post","type-post","status-publish","format-image","has-post-thumbnail","hentry","category-archives-celine","category-blog","category-classe-celine-guyot-et-sylvie-kis","category-travaux-2017-18","category-travaux-2018-19","post_format-post-format-image"],"_links":{"self":[{"href":"https:\/\/www.collegedelouest.ch\/wordpress\/wp-json\/wp\/v2\/posts\/1278","targetHints":{"allow":["GET"]}}],"collection":[{"href":"https:\/\/www.collegedelouest.ch\/wordpress\/wp-json\/wp\/v2\/posts"}],"about":[{"href":"https:\/\/www.collegedelouest.ch\/wordpress\/wp-json\/wp\/v2\/types\/post"}],"author":[{"embeddable":true,"href":"https:\/\/www.collegedelouest.ch\/wordpress\/wp-json\/wp\/v2\/users\/2"}],"replies":[{"embeddable":true,"href":"https:\/\/www.collegedelouest.ch\/wordpress\/wp-json\/wp\/v2\/comments?post=1278"}],"version-history":[{"count":7,"href":"https:\/\/www.collegedelouest.ch\/wordpress\/wp-json\/wp\/v2\/posts\/1278\/revisions"}],"predecessor-version":[{"id":1306,"href":"https:\/\/www.collegedelouest.ch\/wordpress\/wp-json\/wp\/v2\/posts\/1278\/revisions\/1306"}],"wp:featuredmedia":[{"embeddable":true,"href":"https:\/\/www.collegedelouest.ch\/wordpress\/wp-json\/wp\/v2\/media\/1283"}],"wp:attachment":[{"href":"https:\/\/www.collegedelouest.ch\/wordpress\/wp-json\/wp\/v2\/media?parent=1278"}],"wp:term":[{"taxonomy":"category","embeddable":true,"href":"https:\/\/www.collegedelouest.ch\/wordpress\/wp-json\/wp\/v2\/categories?post=1278"},{"taxonomy":"post_tag","embeddable":true,"href":"https:\/\/www.collegedelouest.ch\/wordpress\/wp-json\/wp\/v2\/tags?post=1278"}],"curies":[{"name":"wp","href":"https:\/\/api.w.org\/{rel}","templated":true}]}}