{"id":1424,"date":"2018-11-09T19:44:38","date_gmt":"2018-11-09T19:44:38","guid":{"rendered":"https:\/\/www.collegedelouest.ch\/wordpress\/?p=1424"},"modified":"2019-08-07T19:31:21","modified_gmt":"2019-08-07T19:31:21","slug":"animation-egalite-fille-et-garcon","status":"publish","type":"post","link":"https:\/\/www.collegedelouest.ch\/wordpress\/2018\/11\/09\/animation-egalite-fille-et-garcon\/","title":{"rendered":"Animation \u00e9galit\u00e9 \u00ab\u00a0fille et gar\u00e7on\u00a0\u00bb"},"content":{"rendered":"<p><strong>Ce matin de novembre, nous avons eu une animation sur le th\u00e8me \u00e9galit\u00e9 \u00ab\u00a0fi<\/strong><strong>lle et gar\u00e7on\u00a0\u00bb.<\/strong><\/p>\n<p><strong>Voici un (petit) r\u00e9sum\u00e9! \ud83d\ude09<\/strong><\/p>\n<p><strong>Au d\u00e9but, nous avons du r\u00e9pondre \u00e0 des questions en nous s\u00e9parant chaque fois en deux groupes.<\/strong><\/p>\n<p><strong>Pr\u00e9f\u00e8res-tu?<\/strong><\/p>\n<ul>\n<li><strong>le v\u00e9lo ou la trottinette?<\/strong><\/li>\n<li><strong>le Uno ou le Monopoly?<\/strong><\/li>\n<li><strong>la t\u00e9l\u00e9 ou lire?<\/strong><\/li>\n<li><strong>l&rsquo;\u00e9t\u00e9 ou l&rsquo;hiver?<\/strong><\/li>\n<\/ul>\n<p><strong>Nous \u00e9tions tous m\u00e9lang\u00e9s, les filles, comme les gar\u00e7ons.<\/strong><\/p>\n<p><strong>Puis la demande:<\/strong><\/p>\n<ul>\n<li><strong>les filles d&rsquo;un c\u00f4t\u00e9 et les gar\u00e7ons de l&rsquo;autre.<\/strong><\/li>\n<\/ul>\n<p><strong>L\u00e0 nous avons \u00e9t\u00e9 s\u00e9par\u00e9s pour la premi\u00e8re fois. (fille-gar\u00e7on)<\/strong><\/p>\n<p>&nbsp;<\/p>\n<p><strong>Gloup (petit extraterrestre) aimerait conna\u00eetre la diff\u00e9rence entre les filles et les gar\u00e7ons car sur sa plan\u00e8te, il n&rsquo;y a pas de genre.<\/strong><\/p>\n<p><strong>Voici donc la liste de nos repr\u00e9sentations:<\/strong><\/p>\n<ul>\n<li><strong>les filles ont les cheveux longs<\/strong><\/li>\n<li><strong>les pr\u00e9noms<\/strong><\/li>\n<li><strong>les ongles, donc le maquillage<\/strong><\/li>\n<li><strong>les habits (les talons, les robes)<\/strong><\/li>\n<li><strong>la voix<\/strong><\/li>\n<li><strong>les accessoires (les boucles d&rsquo;oreille, les barrettes)<\/strong><\/li>\n<li><strong>les b\u00e9b\u00e9s dans le ventre<\/strong><\/li>\n<li><strong>la barbe<\/strong><\/li>\n<li><strong>le sport<\/strong><\/li>\n<\/ul>\n<p><strong>Avec les animateurs nous avons essay\u00e9 de voir si nous avions raison \ud83d\ude42<\/strong><\/p>\n<ul>\n<li><strong>les filles ont les cheveux longs<\/strong><\/li>\n<\/ul>\n<p><strong>Non pas toutes les filles ont les cheveux longs. Des gar\u00e7ons ont les cheveux longs et la ma\u00eetresse a les cheveux courts.<\/strong><\/p>\n<p>&nbsp;<\/p>\n<ul>\n<li><strong>les pr\u00e9noms<\/strong><\/li>\n<\/ul>\n<p><strong>Dominique est un pr\u00e9nom qui va pour une fille et\/ou un gar\u00e7on.<\/strong><\/p>\n<p>&nbsp;<\/p>\n<ul>\n<li><strong>les ongles, donc le maquillage<\/strong><\/li>\n<\/ul>\n<p><strong>Les gar\u00e7ons se maquillent parfois aussi, \u00e0 Halloween par exemple. Un \u00e9l\u00e8ve dit que Cristiano Ronaldo se maquille lorsqu&rsquo;il fait des publicit\u00e9s.<\/strong><\/p>\n<p>&nbsp;<\/p>\n<ul>\n<li><strong>les habits (les talons, les robes)<\/strong><\/li>\n<\/ul>\n<p><strong>En Ecosse, les gar\u00e7ons portent des kilts et les filles mettent aussi des pantalons.<\/strong><\/p>\n<p>&nbsp;<\/p>\n<ul>\n<li><strong>la voix<\/strong><\/li>\n<\/ul>\n<p><strong>La voix des enfants est difficilement reconnaissable.<\/strong><\/p>\n<p>&nbsp;<\/p>\n<ul>\n<li><strong>les accessoires (les boucles d&rsquo;oreille, les barrettes)<\/strong><\/li>\n<\/ul>\n<p><strong>Les gar\u00e7ons ont aussi des boucles d&rsquo;oreille. On a un exemple dans la classe et toutes les filles n&rsquo;en portent pas.<\/strong><\/p>\n<p>&nbsp;<\/p>\n<ul>\n<ul>\n<li><\/li>\n<\/ul>\n<\/ul>\n<p><strong>\u00a0<\/strong><\/p>\n<ul>\n<li><strong>les b\u00e9b\u00e9s dans le ventre<\/strong><\/li>\n<\/ul>\n<p><strong>Si Gloup voit un enfant, il ne pourra pas savoir si celui-ci pourrait avoir un b\u00e9b\u00e9 dans le ventre. La diff\u00e9rence est dans l&rsquo;intimit\u00e9 par rapport au sexe.<\/strong><\/p>\n<ul>\n<li><strong>la barbe<\/strong><\/li>\n<\/ul>\n<p><strong>Les enfants n&rsquo;ont pas de barbe. Tous les gar\u00e7ons n&rsquo;ont pas forc\u00e9ment de barbe.<\/strong><\/p>\n<ul>\n<li><strong>le sport<\/strong><\/li>\n<\/ul>\n<p><strong>Il y a des filles et des gar\u00e7ons qui font du sport.<\/strong><\/p>\n<h1><strong>Donc, la seule diff\u00e9rence entre u<\/strong><\/h1>\n<h1><strong>ne fille et un gar\u00e7on est le sexe!<\/strong><\/h1>\n<p><strong>Si un enfant n&rsquo;ose pas jouer \u00e0 un jeu \u00ab\u00a0de fille\u00a0\u00bb ou \u00ab\u00a0de gar\u00e7on\u00a0\u00bb c&rsquo;est \u00e0 cause des moqueries.<\/strong><\/p>\n<p>&nbsp;<\/p>\n<p><img loading=\"lazy\" decoding=\"async\" class=\"size-medium wp-image-1427 aligncenter\" src=\"https:\/\/www.collegedelouest.ch\/wordpress\/wp-content\/uploads\/2018\/11\/20181109_082019-169x300.jpg\" alt=\"\" width=\"169\" height=\"300\" srcset=\"https:\/\/www.collegedelouest.ch\/wordpress\/wp-content\/uploads\/2018\/11\/20181109_082019-169x300.jpg 169w, https:\/\/www.collegedelouest.ch\/wordpress\/wp-content\/uploads\/2018\/11\/20181109_082019-768x1365.jpg 768w, https:\/\/www.collegedelouest.ch\/wordpress\/wp-content\/uploads\/2018\/11\/20181109_082019-576x1024.jpg 576w, https:\/\/www.collegedelouest.ch\/wordpress\/wp-content\/uploads\/2018\/11\/20181109_082019-690x1227.jpg 690w, https:\/\/www.collegedelouest.ch\/wordpress\/wp-content\/uploads\/2018\/11\/20181109_082019-980x1742.jpg 980w, https:\/\/www.collegedelouest.ch\/wordpress\/wp-content\/uploads\/2018\/11\/20181109_082019.jpg 1152w\" sizes=\"auto, (max-width: 169px) 100vw, 169px\" \/><\/p>\n<p>&nbsp;<\/p>\n<p><strong>Nous avons r\u00e9alis\u00e9 une affiche anti-moquerie \ud83d\ude42 car nous trouvons que<\/strong><\/p>\n<h1><strong>Filles et gar\u00e7on ont le droit de:<\/strong><\/h1>\n<ul>\n<li><strong>aimer les couleurs qu&rsquo;ils-elles veulent<\/strong><\/li>\n<li><strong>faire du sport<\/strong><\/li>\n<li><strong>de s&rsquo;aimer<\/strong><\/li>\n<li><strong>faire le m\u00e9tier qu&rsquo;ils-elles veulent<\/strong><\/li>\n<li><strong>de jouer ensemble<\/strong><\/li>\n<li><strong>d&rsquo;\u00eatre des supers h\u00e9ros<\/strong><\/li>\n<li><strong>d&rsquo;avoir peur<\/strong><\/li>\n<li><strong>de porter ce qu&rsquo;ils-elles veulent<\/strong><\/li>\n<li><strong>d&rsquo;\u00eatre forts et muscl\u00e9s.<\/strong><\/li>\n<\/ul>\n<p>&nbsp;<\/p>\n<p><strong>On termine avec quelques \u00ab\u00a0r\u00e9pliques\u00a0\u00bb entendues \ud83d\ude42<\/strong><\/p>\n<p><strong>\u00ab\u00a0Les filles ne font pas du foot normal\u00a0\u00bb<\/strong><\/p>\n<p><strong>\u00ab\u00a0Eh, moi j&rsquo;ai une boucle d&rsquo;oreille et je suis pas une fille\u00a0\u00bb.<\/strong><\/p>\n<p><strong>\u00ab\u00a0Chez les hippocampes, c&rsquo;est le m\u00e2le qui accouche des enfants\u00a0\u00bb.<\/strong><\/p>\n<p><strong>\u00ab\u00a0Mais c&rsquo;est pas vrai, ma m\u00e8re fait du tennis, alors tu arr\u00eates de dire \u00e7a\u00a0\u00bb.<\/strong><\/p>\n<p>&nbsp;<\/p>\n<p>&nbsp;<\/p>\n<p>&nbsp;<\/p>\n<p>&nbsp;<\/p>\n","protected":false},"excerpt":{"rendered":"<p>Ce matin de novembre, nous avons eu une animation sur le th\u00e8me \u00e9galit\u00e9 \u00ab\u00a0fille et gar\u00e7on\u00a0\u00bb. Voici un (petit) r\u00e9sum\u00e9! \ud83d\ude09 Au d\u00e9but, nous avons du r\u00e9pondre \u00e0 des questions en nous s\u00e9parant chaque fois en deux groupes. Pr\u00e9f\u00e8res-tu? le v\u00e9lo ou la trottinette? le Uno ou le Monopoly? la t\u00e9l\u00e9 ou lire? l&rsquo;\u00e9t\u00e9 ou [&hellip;]<\/p>\n","protected":false},"author":3,"featured_media":1428,"comment_status":"closed","ping_status":"open","sticky":false,"template":"","format":"image","meta":{"footnotes":""},"categories":[26,5,20,27],"tags":[],"class_list":["post-1424","post","type-post","status-publish","format-image","has-post-thumbnail","hentry","category-archives-stephanie","category-blog","category-classe-stephanie-montrichard-et-martine-mojon2021-22","category-travaux-2018-19-archives-stephanie","post_format-post-format-image"],"_links":{"self":[{"href":"https:\/\/www.collegedelouest.ch\/wordpress\/wp-json\/wp\/v2\/posts\/1424","targetHints":{"allow":["GET"]}}],"collection":[{"href":"https:\/\/www.collegedelouest.ch\/wordpress\/wp-json\/wp\/v2\/posts"}],"about":[{"href":"https:\/\/www.collegedelouest.ch\/wordpress\/wp-json\/wp\/v2\/types\/post"}],"author":[{"embeddable":true,"href":"https:\/\/www.collegedelouest.ch\/wordpress\/wp-json\/wp\/v2\/users\/3"}],"replies":[{"embeddable":true,"href":"https:\/\/www.collegedelouest.ch\/wordpress\/wp-json\/wp\/v2\/comments?post=1424"}],"version-history":[{"count":5,"href":"https:\/\/www.collegedelouest.ch\/wordpress\/wp-json\/wp\/v2\/posts\/1424\/revisions"}],"predecessor-version":[{"id":1431,"href":"https:\/\/www.collegedelouest.ch\/wordpress\/wp-json\/wp\/v2\/posts\/1424\/revisions\/1431"}],"wp:featuredmedia":[{"embeddable":true,"href":"https:\/\/www.collegedelouest.ch\/wordpress\/wp-json\/wp\/v2\/media\/1428"}],"wp:attachment":[{"href":"https:\/\/www.collegedelouest.ch\/wordpress\/wp-json\/wp\/v2\/media?parent=1424"}],"wp:term":[{"taxonomy":"category","embeddable":true,"href":"https:\/\/www.collegedelouest.ch\/wordpress\/wp-json\/wp\/v2\/categories?post=1424"},{"taxonomy":"post_tag","embeddable":true,"href":"https:\/\/www.collegedelouest.ch\/wordpress\/wp-json\/wp\/v2\/tags?post=1424"}],"curies":[{"name":"wp","href":"https:\/\/api.w.org\/{rel}","templated":true}]}}