{"id":1790,"date":"2019-11-20T16:52:46","date_gmt":"2019-11-20T16:52:46","guid":{"rendered":"https:\/\/www.collegedelouest.ch\/wordpress\/?p=1790"},"modified":"2020-04-08T13:03:29","modified_gmt":"2020-04-08T13:03:29","slug":"potager-sous-la-neige","status":"publish","type":"post","link":"https:\/\/www.collegedelouest.ch\/wordpress\/2019\/11\/20\/potager-sous-la-neige\/","title":{"rendered":"Potager sous la neige"},"content":{"rendered":"<p>Les vers de terre sont bien au chaud sous la premi\u00e8re couche de neige&#8230; Nous sommes donc all\u00e9s mettre des d\u00e9corations hivernales sous ce beau soleil!<img loading=\"lazy\" decoding=\"async\" class=\"alignnone wp-image-1782 size-full\" src=\"https:\/\/www.collegedelouest.ch\/wordpress\/wp-content\/uploads\/2019\/11\/croppedimage_1574268472741722881741.png\" width=\"1186\" height=\"602\" srcset=\"https:\/\/www.collegedelouest.ch\/wordpress\/wp-content\/uploads\/2019\/11\/croppedimage_1574268472741722881741.png 1186w, https:\/\/www.collegedelouest.ch\/wordpress\/wp-content\/uploads\/2019\/11\/croppedimage_1574268472741722881741-300x152.png 300w, https:\/\/www.collegedelouest.ch\/wordpress\/wp-content\/uploads\/2019\/11\/croppedimage_1574268472741722881741-1024x520.png 1024w, https:\/\/www.collegedelouest.ch\/wordpress\/wp-content\/uploads\/2019\/11\/croppedimage_1574268472741722881741-768x390.png 768w, https:\/\/www.collegedelouest.ch\/wordpress\/wp-content\/uploads\/2019\/11\/croppedimage_1574268472741722881741-690x350.png 690w, https:\/\/www.collegedelouest.ch\/wordpress\/wp-content\/uploads\/2019\/11\/croppedimage_1574268472741722881741-980x497.png 980w\" sizes=\"auto, (max-width: 1186px) 100vw, 1186px\" \/><img loading=\"lazy\" decoding=\"async\" class=\"wp-image-1784 alignnone size-full\" src=\"https:\/\/www.collegedelouest.ch\/wordpress\/wp-content\/uploads\/2019\/11\/img_20191120_1047381241393824.jpg\" width=\"1920\" height=\"1440\" srcset=\"https:\/\/www.collegedelouest.ch\/wordpress\/wp-content\/uploads\/2019\/11\/img_20191120_1047381241393824.jpg 1920w, https:\/\/www.collegedelouest.ch\/wordpress\/wp-content\/uploads\/2019\/11\/img_20191120_1047381241393824-300x225.jpg 300w, https:\/\/www.collegedelouest.ch\/wordpress\/wp-content\/uploads\/2019\/11\/img_20191120_1047381241393824-1024x768.jpg 1024w, https:\/\/www.collegedelouest.ch\/wordpress\/wp-content\/uploads\/2019\/11\/img_20191120_1047381241393824-768x576.jpg 768w, https:\/\/www.collegedelouest.ch\/wordpress\/wp-content\/uploads\/2019\/11\/img_20191120_1047381241393824-1536x1152.jpg 1536w, https:\/\/www.collegedelouest.ch\/wordpress\/wp-content\/uploads\/2019\/11\/img_20191120_1047381241393824-690x518.jpg 690w, https:\/\/www.collegedelouest.ch\/wordpress\/wp-content\/uploads\/2019\/11\/img_20191120_1047381241393824-980x735.jpg 980w\" sizes=\"auto, (max-width: 1920px) 100vw, 1920px\" \/><img loading=\"lazy\" decoding=\"async\" class=\"alignnone wp-image-1783 size-full\" src=\"https:\/\/www.collegedelouest.ch\/wordpress\/wp-content\/uploads\/2019\/11\/img_20191120_1047321880023250.jpg\" width=\"1920\" height=\"1440\" srcset=\"https:\/\/www.collegedelouest.ch\/wordpress\/wp-content\/uploads\/2019\/11\/img_20191120_1047321880023250.jpg 1920w, https:\/\/www.collegedelouest.ch\/wordpress\/wp-content\/uploads\/2019\/11\/img_20191120_1047321880023250-300x225.jpg 300w, https:\/\/www.collegedelouest.ch\/wordpress\/wp-content\/uploads\/2019\/11\/img_20191120_1047321880023250-1024x768.jpg 1024w, https:\/\/www.collegedelouest.ch\/wordpress\/wp-content\/uploads\/2019\/11\/img_20191120_1047321880023250-768x576.jpg 768w, https:\/\/www.collegedelouest.ch\/wordpress\/wp-content\/uploads\/2019\/11\/img_20191120_1047321880023250-1536x1152.jpg 1536w, https:\/\/www.collegedelouest.ch\/wordpress\/wp-content\/uploads\/2019\/11\/img_20191120_1047321880023250-690x518.jpg 690w, https:\/\/www.collegedelouest.ch\/wordpress\/wp-content\/uploads\/2019\/11\/img_20191120_1047321880023250-980x735.jpg 980w\" sizes=\"auto, (max-width: 1920px) 100vw, 1920px\" \/><\/p>\n","protected":false},"excerpt":{"rendered":"<p>Les vers de terre sont bien au chaud sous la premi\u00e8re couche de neige&#8230; Nous sommes donc all\u00e9s mettre des d\u00e9corations hivernales sous ce beau soleil!<\/p>\n","protected":false},"author":2,"featured_media":1785,"comment_status":"closed","ping_status":"open","sticky":false,"template":"","format":"image","meta":{"footnotes":""},"categories":[22,24,28],"tags":[],"class_list":["post-1790","post","type-post","status-publish","format-image","has-post-thumbnail","hentry","category-archives-celine","category-classe-celine-guyot-et-gregoire-gaudin-2019-20","category-travaux-2019-20","post_format-post-format-image"],"_links":{"self":[{"href":"https:\/\/www.collegedelouest.ch\/wordpress\/wp-json\/wp\/v2\/posts\/1790","targetHints":{"allow":["GET"]}}],"collection":[{"href":"https:\/\/www.collegedelouest.ch\/wordpress\/wp-json\/wp\/v2\/posts"}],"about":[{"href":"https:\/\/www.collegedelouest.ch\/wordpress\/wp-json\/wp\/v2\/types\/post"}],"author":[{"embeddable":true,"href":"https:\/\/www.collegedelouest.ch\/wordpress\/wp-json\/wp\/v2\/users\/2"}],"replies":[{"embeddable":true,"href":"https:\/\/www.collegedelouest.ch\/wordpress\/wp-json\/wp\/v2\/comments?post=1790"}],"version-history":[{"count":2,"href":"https:\/\/www.collegedelouest.ch\/wordpress\/wp-json\/wp\/v2\/posts\/1790\/revisions"}],"predecessor-version":[{"id":1793,"href":"https:\/\/www.collegedelouest.ch\/wordpress\/wp-json\/wp\/v2\/posts\/1790\/revisions\/1793"}],"wp:featuredmedia":[{"embeddable":true,"href":"https:\/\/www.collegedelouest.ch\/wordpress\/wp-json\/wp\/v2\/media\/1785"}],"wp:attachment":[{"href":"https:\/\/www.collegedelouest.ch\/wordpress\/wp-json\/wp\/v2\/media?parent=1790"}],"wp:term":[{"taxonomy":"category","embeddable":true,"href":"https:\/\/www.collegedelouest.ch\/wordpress\/wp-json\/wp\/v2\/categories?post=1790"},{"taxonomy":"post_tag","embeddable":true,"href":"https:\/\/www.collegedelouest.ch\/wordpress\/wp-json\/wp\/v2\/tags?post=1790"}],"curies":[{"name":"wp","href":"https:\/\/api.w.org\/{rel}","templated":true}]}}