{"id":1801,"date":"2019-12-11T09:19:13","date_gmt":"2019-12-11T09:19:13","guid":{"rendered":"https:\/\/www.collegedelouest.ch\/wordpress\/?p=1801"},"modified":"2020-04-08T13:03:01","modified_gmt":"2020-04-08T13:03:01","slug":"marche-dhiver","status":"publish","type":"post","link":"https:\/\/www.collegedelouest.ch\/wordpress\/2019\/12\/11\/marche-dhiver\/","title":{"rendered":"March\u00e9 d&rsquo;hiver"},"content":{"rendered":"<p><strong>Voici les coulisses de la pr\u00e9paration des biscuits, caramels et sirops de cannelle pour notre march\u00e9 d&rsquo;hiver du mardi 10 d\u00e9cembre 201<\/strong>9.<\/p>\n<p><strong>MERCI \u00c0 TOUTES ET \u00c0 TOUS DE VOTRE G\u00c9N\u00c9ROSIT\u00c9 ET VOTRE CONTRIBUTION \u00c0 LA R\u00c9USSITE DE CETTE SOIR\u00c9E !<\/strong><\/p>\n<p><strong>Belles f\u00eates \u00e0 tous !<\/strong><\/p>\n<p><img loading=\"lazy\" decoding=\"async\" src=\"https:\/\/www.collegedelouest.ch\/wordpress\/wp-content\/uploads\/2019\/12\/retouche-de-photos_yjgoxh1649757794..jpg\" class=\"alignnone wp-image-1794 size-full\" width=\"1440\" height=\"1920\" srcset=\"https:\/\/www.collegedelouest.ch\/wordpress\/wp-content\/uploads\/2019\/12\/retouche-de-photos_yjgoxh1649757794..jpg 1440w, https:\/\/www.collegedelouest.ch\/wordpress\/wp-content\/uploads\/2019\/12\/retouche-de-photos_yjgoxh1649757794.-225x300.jpg 225w, https:\/\/www.collegedelouest.ch\/wordpress\/wp-content\/uploads\/2019\/12\/retouche-de-photos_yjgoxh1649757794.-768x1024.jpg 768w, https:\/\/www.collegedelouest.ch\/wordpress\/wp-content\/uploads\/2019\/12\/retouche-de-photos_yjgoxh1649757794.-1152x1536.jpg 1152w, https:\/\/www.collegedelouest.ch\/wordpress\/wp-content\/uploads\/2019\/12\/retouche-de-photos_yjgoxh1649757794.-690x920.jpg 690w, https:\/\/www.collegedelouest.ch\/wordpress\/wp-content\/uploads\/2019\/12\/retouche-de-photos_yjgoxh1649757794.-980x1307.jpg 980w\" sizes=\"auto, (max-width: 1440px) 100vw, 1440px\" \/><\/p>\n<p><img loading=\"lazy\" decoding=\"async\" src=\"https:\/\/www.collegedelouest.ch\/wordpress\/wp-content\/uploads\/2019\/12\/retouche-de-photos_6lp2jp784820048..jpg\" class=\"alignnone size-full wp-image-1795\" width=\"1440\" height=\"1920\" srcset=\"https:\/\/www.collegedelouest.ch\/wordpress\/wp-content\/uploads\/2019\/12\/retouche-de-photos_6lp2jp784820048..jpg 1440w, https:\/\/www.collegedelouest.ch\/wordpress\/wp-content\/uploads\/2019\/12\/retouche-de-photos_6lp2jp784820048.-225x300.jpg 225w, https:\/\/www.collegedelouest.ch\/wordpress\/wp-content\/uploads\/2019\/12\/retouche-de-photos_6lp2jp784820048.-768x1024.jpg 768w, https:\/\/www.collegedelouest.ch\/wordpress\/wp-content\/uploads\/2019\/12\/retouche-de-photos_6lp2jp784820048.-1152x1536.jpg 1152w, https:\/\/www.collegedelouest.ch\/wordpress\/wp-content\/uploads\/2019\/12\/retouche-de-photos_6lp2jp784820048.-690x920.jpg 690w, https:\/\/www.collegedelouest.ch\/wordpress\/wp-content\/uploads\/2019\/12\/retouche-de-photos_6lp2jp784820048.-980x1307.jpg 980w\" sizes=\"auto, (max-width: 1440px) 100vw, 1440px\" \/><\/p>\n<p><img loading=\"lazy\" decoding=\"async\" src=\"https:\/\/www.collegedelouest.ch\/wordpress\/wp-content\/uploads\/2019\/12\/retouche-de-photos_zrwk6n36771023..jpg\" class=\"alignnone wp-image-1796 size-full\" width=\"1440\" height=\"1920\" srcset=\"https:\/\/www.collegedelouest.ch\/wordpress\/wp-content\/uploads\/2019\/12\/retouche-de-photos_zrwk6n36771023..jpg 1440w, https:\/\/www.collegedelouest.ch\/wordpress\/wp-content\/uploads\/2019\/12\/retouche-de-photos_zrwk6n36771023.-225x300.jpg 225w, https:\/\/www.collegedelouest.ch\/wordpress\/wp-content\/uploads\/2019\/12\/retouche-de-photos_zrwk6n36771023.-768x1024.jpg 768w, https:\/\/www.collegedelouest.ch\/wordpress\/wp-content\/uploads\/2019\/12\/retouche-de-photos_zrwk6n36771023.-1152x1536.jpg 1152w, https:\/\/www.collegedelouest.ch\/wordpress\/wp-content\/uploads\/2019\/12\/retouche-de-photos_zrwk6n36771023.-690x920.jpg 690w, https:\/\/www.collegedelouest.ch\/wordpress\/wp-content\/uploads\/2019\/12\/retouche-de-photos_zrwk6n36771023.-980x1307.jpg 980w\" sizes=\"auto, (max-width: 1440px) 100vw, 1440px\" \/><\/p>\n<p><img loading=\"lazy\" decoding=\"async\" src=\"https:\/\/www.collegedelouest.ch\/wordpress\/wp-content\/uploads\/2019\/12\/retouche-de-photos_ervcty968488721..jpg\" class=\"alignnone wp-image-1797 size-full\" width=\"1440\" height=\"1920\" srcset=\"https:\/\/www.collegedelouest.ch\/wordpress\/wp-content\/uploads\/2019\/12\/retouche-de-photos_ervcty968488721..jpg 1440w, https:\/\/www.collegedelouest.ch\/wordpress\/wp-content\/uploads\/2019\/12\/retouche-de-photos_ervcty968488721.-225x300.jpg 225w, https:\/\/www.collegedelouest.ch\/wordpress\/wp-content\/uploads\/2019\/12\/retouche-de-photos_ervcty968488721.-768x1024.jpg 768w, https:\/\/www.collegedelouest.ch\/wordpress\/wp-content\/uploads\/2019\/12\/retouche-de-photos_ervcty968488721.-1152x1536.jpg 1152w, https:\/\/www.collegedelouest.ch\/wordpress\/wp-content\/uploads\/2019\/12\/retouche-de-photos_ervcty968488721.-690x920.jpg 690w, https:\/\/www.collegedelouest.ch\/wordpress\/wp-content\/uploads\/2019\/12\/retouche-de-photos_ervcty968488721.-980x1307.jpg 980w\" sizes=\"auto, (max-width: 1440px) 100vw, 1440px\" \/><\/p>\n<p><img loading=\"lazy\" decoding=\"async\" src=\"https:\/\/www.collegedelouest.ch\/wordpress\/wp-content\/uploads\/2019\/12\/retouche-de-photos_lmc9mp530496148..jpg\" class=\"alignnone size-full wp-image-1798\" width=\"1440\" height=\"1920\" srcset=\"https:\/\/www.collegedelouest.ch\/wordpress\/wp-content\/uploads\/2019\/12\/retouche-de-photos_lmc9mp530496148..jpg 1440w, https:\/\/www.collegedelouest.ch\/wordpress\/wp-content\/uploads\/2019\/12\/retouche-de-photos_lmc9mp530496148.-225x300.jpg 225w, https:\/\/www.collegedelouest.ch\/wordpress\/wp-content\/uploads\/2019\/12\/retouche-de-photos_lmc9mp530496148.-768x1024.jpg 768w, https:\/\/www.collegedelouest.ch\/wordpress\/wp-content\/uploads\/2019\/12\/retouche-de-photos_lmc9mp530496148.-1152x1536.jpg 1152w, https:\/\/www.collegedelouest.ch\/wordpress\/wp-content\/uploads\/2019\/12\/retouche-de-photos_lmc9mp530496148.-690x920.jpg 690w, https:\/\/www.collegedelouest.ch\/wordpress\/wp-content\/uploads\/2019\/12\/retouche-de-photos_lmc9mp530496148.-980x1307.jpg 980w\" sizes=\"auto, (max-width: 1440px) 100vw, 1440px\" \/><\/p>\n<p><img loading=\"lazy\" decoding=\"async\" src=\"https:\/\/www.collegedelouest.ch\/wordpress\/wp-content\/uploads\/2019\/12\/retouche-de-photos_fry1dj248340762..jpg\" class=\"alignnone wp-image-1799 size-full\" width=\"1920\" height=\"1440\" srcset=\"https:\/\/www.collegedelouest.ch\/wordpress\/wp-content\/uploads\/2019\/12\/retouche-de-photos_fry1dj248340762..jpg 1920w, https:\/\/www.collegedelouest.ch\/wordpress\/wp-content\/uploads\/2019\/12\/retouche-de-photos_fry1dj248340762.-300x225.jpg 300w, https:\/\/www.collegedelouest.ch\/wordpress\/wp-content\/uploads\/2019\/12\/retouche-de-photos_fry1dj248340762.-1024x768.jpg 1024w, https:\/\/www.collegedelouest.ch\/wordpress\/wp-content\/uploads\/2019\/12\/retouche-de-photos_fry1dj248340762.-768x576.jpg 768w, https:\/\/www.collegedelouest.ch\/wordpress\/wp-content\/uploads\/2019\/12\/retouche-de-photos_fry1dj248340762.-1536x1152.jpg 1536w, https:\/\/www.collegedelouest.ch\/wordpress\/wp-content\/uploads\/2019\/12\/retouche-de-photos_fry1dj248340762.-690x518.jpg 690w, https:\/\/www.collegedelouest.ch\/wordpress\/wp-content\/uploads\/2019\/12\/retouche-de-photos_fry1dj248340762.-980x735.jpg 980w\" sizes=\"auto, (max-width: 1920px) 100vw, 1920px\" \/><\/p>\n","protected":false},"excerpt":{"rendered":"<p>Voici les coulisses de la pr\u00e9paration des biscuits, caramels et sirops de cannelle pour notre march\u00e9 d&rsquo;hiver du mardi 10 d\u00e9cembre 2019. MERCI \u00c0 TOUTES ET \u00c0 TOUS DE VOTRE G\u00c9N\u00c9ROSIT\u00c9 ET VOTRE CONTRIBUTION \u00c0 LA R\u00c9USSITE DE CETTE SOIR\u00c9E ! Belles f\u00eates \u00e0 tous !<\/p>\n","protected":false},"author":2,"featured_media":1800,"comment_status":"closed","ping_status":"open","sticky":false,"template":"","format":"image","meta":{"footnotes":""},"categories":[22,5,24,28],"tags":[],"class_list":["post-1801","post","type-post","status-publish","format-image","has-post-thumbnail","hentry","category-archives-celine","category-blog","category-classe-celine-guyot-et-gregoire-gaudin-2019-20","category-travaux-2019-20","post_format-post-format-image"],"_links":{"self":[{"href":"https:\/\/www.collegedelouest.ch\/wordpress\/wp-json\/wp\/v2\/posts\/1801","targetHints":{"allow":["GET"]}}],"collection":[{"href":"https:\/\/www.collegedelouest.ch\/wordpress\/wp-json\/wp\/v2\/posts"}],"about":[{"href":"https:\/\/www.collegedelouest.ch\/wordpress\/wp-json\/wp\/v2\/types\/post"}],"author":[{"embeddable":true,"href":"https:\/\/www.collegedelouest.ch\/wordpress\/wp-json\/wp\/v2\/users\/2"}],"replies":[{"embeddable":true,"href":"https:\/\/www.collegedelouest.ch\/wordpress\/wp-json\/wp\/v2\/comments?post=1801"}],"version-history":[{"count":1,"href":"https:\/\/www.collegedelouest.ch\/wordpress\/wp-json\/wp\/v2\/posts\/1801\/revisions"}],"predecessor-version":[{"id":1802,"href":"https:\/\/www.collegedelouest.ch\/wordpress\/wp-json\/wp\/v2\/posts\/1801\/revisions\/1802"}],"wp:featuredmedia":[{"embeddable":true,"href":"https:\/\/www.collegedelouest.ch\/wordpress\/wp-json\/wp\/v2\/media\/1800"}],"wp:attachment":[{"href":"https:\/\/www.collegedelouest.ch\/wordpress\/wp-json\/wp\/v2\/media?parent=1801"}],"wp:term":[{"taxonomy":"category","embeddable":true,"href":"https:\/\/www.collegedelouest.ch\/wordpress\/wp-json\/wp\/v2\/categories?post=1801"},{"taxonomy":"post_tag","embeddable":true,"href":"https:\/\/www.collegedelouest.ch\/wordpress\/wp-json\/wp\/v2\/tags?post=1801"}],"curies":[{"name":"wp","href":"https:\/\/api.w.org\/{rel}","templated":true}]}}