{"id":213,"date":"2013-11-17T15:06:51","date_gmt":"2013-11-17T15:06:51","guid":{"rendered":"https:\/\/www.collegedelouest.ch\/wordpress\/?p=213"},"modified":"2016-10-12T20:12:15","modified_gmt":"2016-10-12T20:12:15","slug":"contes","status":"publish","type":"post","link":"https:\/\/www.collegedelouest.ch\/wordpress\/2013\/11\/17\/contes\/","title":{"rendered":"Contes"},"content":{"rendered":"<p><strong>Voici des contes \u00e9crits et tap\u00e9s \u00e0 l&rsquo;ordinateur par les \u00e9l\u00e8ves. Dans le th\u00e8me \u00ab\u00a0Contes des origines\u00a0\u00bb, les enfants ont \u00e9tudi\u00e9 des contes. Ils ont \u00e9cout\u00e9, lu et finalement \u00e9crit leur conte en employant le pass\u00e9 simple et l&rsquo;imparfait. Il leur \u00e9tait aussi demand\u00e9 de mettre en sc\u00e8ne des personnages.<\/strong><\/p>\n<p><strong>Exercice peu \u00e9vident avec des enfants qui ne sont pas forc\u00e9ment de langue maternelle fran\u00e7aise ou qui ont parfois des difficult\u00e9s en expression orale ou \u00e9crite. Le r\u00e9sultat est pourtant positif et nous avons eu beaucoup de plaisir&#8230;<\/strong><\/p>\n<p>Cliquez sur les liens :<\/p>\n<p><a href=\"https:\/\/www.collegedelouest.ch\/wordpress\/wp-content\/uploads\/2013\/11\/alyssa-et-kelis.pdf\" class=\"mtli_attachment mtli_pdf\">Kelis et Alyssa<\/a> <a href=\"https:\/\/www.collegedelouest.ch\/wordpress\/wp-content\/uploads\/2013\/11\/Benjamin_Leo.pdf\" class=\"mtli_attachment mtli_pdf\">Leo et Benjamin<\/a> <a href=\"https:\/\/www.collegedelouest.ch\/wordpress\/wp-content\/uploads\/2013\/11\/ConteJovan.pdf\" class=\"mtli_attachment mtli_pdf\">Jovan<\/a> <a href=\"https:\/\/www.collegedelouest.ch\/wordpress\/wp-content\/uploads\/2013\/11\/ContePetros.pdf\" class=\"mtli_attachment mtli_pdf\">Petros<\/a> <a href=\"https:\/\/www.collegedelouest.ch\/wordpress\/wp-content\/uploads\/2013\/11\/dao.pdf\" class=\"mtli_attachment mtli_pdf\">D\u00e0o, Matteo et Melvin<\/a> <a href=\"https:\/\/www.collegedelouest.ch\/wordpress\/wp-content\/uploads\/2013\/11\/Eloise2.pdf\" class=\"mtli_attachment mtli_pdf\">Elo\u00efse<\/a> <a href=\"https:\/\/www.collegedelouest.ch\/wordpress\/wp-content\/uploads\/2013\/11\/Juliana_Nadia.pdf\" class=\"mtli_attachment mtli_pdf\">Juliana et Nadia<\/a> <a href=\"https:\/\/www.collegedelouest.ch\/wordpress\/wp-content\/uploads\/2013\/11\/maria_Shaiya_cheyenne.pdf\" class=\"mtli_attachment mtli_pdf\">Cheyenne, Shaiya et Claudia<\/a> <a href=\"https:\/\/www.collegedelouest.ch\/wordpress\/wp-content\/uploads\/2013\/11\/witek.pdf\" class=\"mtli_attachment mtli_pdf\">Witek<\/a><\/p>\n<p><img loading=\"lazy\" decoding=\"async\" class=\"aligncenter size-full wp-image-214\" src=\"https:\/\/www.collegedelouest.ch\/wordpress\/wp-content\/uploads\/2016\/10\/Kipling.jpg\" alt=\"kipling\" width=\"554\" height=\"784\" srcset=\"https:\/\/www.collegedelouest.ch\/wordpress\/wp-content\/uploads\/2016\/10\/Kipling.jpg 554w, https:\/\/www.collegedelouest.ch\/wordpress\/wp-content\/uploads\/2016\/10\/Kipling-212x300.jpg 212w\" sizes=\"auto, (max-width: 554px) 100vw, 554px\" \/><\/p>\n","protected":false},"excerpt":{"rendered":"<p>Voici des contes \u00e9crits et tap\u00e9s \u00e0 l&rsquo;ordinateur par les \u00e9l\u00e8ves. Dans le th\u00e8me \u00ab\u00a0Contes des origines\u00a0\u00bb, les enfants ont \u00e9tudi\u00e9 des contes. Ils ont \u00e9cout\u00e9, lu et finalement \u00e9crit leur conte en employant le pass\u00e9 simple et l&rsquo;imparfait. Il leur \u00e9tait aussi demand\u00e9 de mettre en sc\u00e8ne des personnages. Exercice peu \u00e9vident avec des [&hellip;]<\/p>\n","protected":false},"author":1,"featured_media":215,"comment_status":"closed","ping_status":"open","sticky":false,"template":"","format":"image","meta":{"footnotes":""},"categories":[9],"tags":[],"class_list":["post-213","post","type-post","status-publish","format-image","has-post-thumbnail","hentry","category-travaux201314","post_format-post-format-image"],"_links":{"self":[{"href":"https:\/\/www.collegedelouest.ch\/wordpress\/wp-json\/wp\/v2\/posts\/213","targetHints":{"allow":["GET"]}}],"collection":[{"href":"https:\/\/www.collegedelouest.ch\/wordpress\/wp-json\/wp\/v2\/posts"}],"about":[{"href":"https:\/\/www.collegedelouest.ch\/wordpress\/wp-json\/wp\/v2\/types\/post"}],"author":[{"embeddable":true,"href":"https:\/\/www.collegedelouest.ch\/wordpress\/wp-json\/wp\/v2\/users\/1"}],"replies":[{"embeddable":true,"href":"https:\/\/www.collegedelouest.ch\/wordpress\/wp-json\/wp\/v2\/comments?post=213"}],"version-history":[{"count":3,"href":"https:\/\/www.collegedelouest.ch\/wordpress\/wp-json\/wp\/v2\/posts\/213\/revisions"}],"predecessor-version":[{"id":227,"href":"https:\/\/www.collegedelouest.ch\/wordpress\/wp-json\/wp\/v2\/posts\/213\/revisions\/227"}],"wp:featuredmedia":[{"embeddable":true,"href":"https:\/\/www.collegedelouest.ch\/wordpress\/wp-json\/wp\/v2\/media\/215"}],"wp:attachment":[{"href":"https:\/\/www.collegedelouest.ch\/wordpress\/wp-json\/wp\/v2\/media?parent=213"}],"wp:term":[{"taxonomy":"category","embeddable":true,"href":"https:\/\/www.collegedelouest.ch\/wordpress\/wp-json\/wp\/v2\/categories?post=213"},{"taxonomy":"post_tag","embeddable":true,"href":"https:\/\/www.collegedelouest.ch\/wordpress\/wp-json\/wp\/v2\/tags?post=213"}],"curies":[{"name":"wp","href":"https:\/\/api.w.org\/{rel}","templated":true}]}}