{"id":2131,"date":"2020-05-07T10:33:15","date_gmt":"2020-05-07T08:33:15","guid":{"rendered":"https:\/\/www.collegedelouest.ch\/wordpress\/?p=2131"},"modified":"2020-05-07T14:54:06","modified_gmt":"2020-05-07T12:54:06","slug":"flute-a-bec","status":"publish","type":"post","link":"https:\/\/www.collegedelouest.ch\/wordpress\/2020\/05\/07\/flute-a-bec\/","title":{"rendered":"Fl\u00fbte \u00e0 bec avec morceau en entier&#8230;"},"content":{"rendered":"\n<p>Cette derni\u00e8re semaine de travail \u00e0 la maison, les enfants ont d\u00fb apprendre la chanson en entier. Voici:<\/p>\n\n\n\n<p>Erika:<\/p>\n\n\n\n<figure class=\"wp-block-audio\"><audio controls src=\"blob:https:\/\/www.collegedelouest.ch\/07223131-2063-45ae-a7f2-6f22917cd5bb\"><\/audio><figcaption>La<\/figcaption><\/figure>\n\n\n\n<p> La semaine du 27 au 30 avril, les enfants ont appris le d\u00e9but de \u00ab\u00a0Fais dodo, Colas mon p&rsquo;tit fr\u00e8re\u00a0\u00bb et voici les premiers enregistrements :<\/p>\n\n\n\n<p>Maxime:<\/p>\n\n\n\n<figure class=\"wp-block-audio\"><audio controls src=\"https:\/\/www.collegedelouest.ch\/wordpress\/wp-content\/uploads\/2020\/04\/Maxime.mp3\"><\/audio><\/figure>\n\n\n\n<p>Chiara:<\/p>\n\n\n\n<figure class=\"wp-block-audio\"><audio controls src=\"https:\/\/www.collegedelouest.ch\/wordpress\/wp-content\/uploads\/2020\/04\/Chiara.mp3\"><\/audio><\/figure>\n\n\n\n<p>Rodas:<\/p>\n\n\n\n<figure class=\"wp-block-audio\"><audio controls src=\"https:\/\/www.collegedelouest.ch\/wordpress\/wp-content\/uploads\/2020\/04\/Rodas.mp3\"><\/audio><\/figure>\n\n\n\n<p>Roman:<\/p>\n\n\n\n<figure class=\"wp-block-audio\"><audio controls src=\"https:\/\/www.collegedelouest.ch\/wordpress\/wp-content\/uploads\/2020\/04\/Roman-1.mp3\"><\/audio><\/figure>\n","protected":false},"excerpt":{"rendered":"<p>Cette derni\u00e8re semaine de travail \u00e0 la maison, les enfants ont d\u00fb apprendre la chanson en entier. Voici: Erika: La semaine du 27 au 30 avril, les enfants ont appris le d\u00e9but de \u00ab\u00a0Fais dodo, Colas mon p&rsquo;tit fr\u00e8re\u00a0\u00bb et voici les premiers enregistrements : Maxime: Chiara: Rodas: Roman:<\/p>\n","protected":false},"author":2,"featured_media":2133,"comment_status":"closed","ping_status":"open","sticky":false,"template":"","format":"image","meta":{"footnotes":""},"categories":[22,5,24,28],"tags":[],"class_list":["post-2131","post","type-post","status-publish","format-image","has-post-thumbnail","hentry","category-archives-celine","category-blog","category-classe-celine-guyot-et-gregoire-gaudin-2019-20","category-travaux-2019-20","post_format-post-format-image"],"_links":{"self":[{"href":"https:\/\/www.collegedelouest.ch\/wordpress\/wp-json\/wp\/v2\/posts\/2131","targetHints":{"allow":["GET"]}}],"collection":[{"href":"https:\/\/www.collegedelouest.ch\/wordpress\/wp-json\/wp\/v2\/posts"}],"about":[{"href":"https:\/\/www.collegedelouest.ch\/wordpress\/wp-json\/wp\/v2\/types\/post"}],"author":[{"embeddable":true,"href":"https:\/\/www.collegedelouest.ch\/wordpress\/wp-json\/wp\/v2\/users\/2"}],"replies":[{"embeddable":true,"href":"https:\/\/www.collegedelouest.ch\/wordpress\/wp-json\/wp\/v2\/comments?post=2131"}],"version-history":[{"count":6,"href":"https:\/\/www.collegedelouest.ch\/wordpress\/wp-json\/wp\/v2\/posts\/2131\/revisions"}],"predecessor-version":[{"id":2152,"href":"https:\/\/www.collegedelouest.ch\/wordpress\/wp-json\/wp\/v2\/posts\/2131\/revisions\/2152"}],"wp:featuredmedia":[{"embeddable":true,"href":"https:\/\/www.collegedelouest.ch\/wordpress\/wp-json\/wp\/v2\/media\/2133"}],"wp:attachment":[{"href":"https:\/\/www.collegedelouest.ch\/wordpress\/wp-json\/wp\/v2\/media?parent=2131"}],"wp:term":[{"taxonomy":"category","embeddable":true,"href":"https:\/\/www.collegedelouest.ch\/wordpress\/wp-json\/wp\/v2\/categories?post=2131"},{"taxonomy":"post_tag","embeddable":true,"href":"https:\/\/www.collegedelouest.ch\/wordpress\/wp-json\/wp\/v2\/tags?post=2131"}],"curies":[{"name":"wp","href":"https:\/\/api.w.org\/{rel}","templated":true}]}}