{"id":2747,"date":"2021-09-06T13:45:34","date_gmt":"2021-09-06T11:45:34","guid":{"rendered":"https:\/\/www.collegedelouest.ch\/wordpress\/?p=2747"},"modified":"2021-09-06T13:51:29","modified_gmt":"2021-09-06T11:51:29","slug":"nos-papillons","status":"publish","type":"post","link":"https:\/\/www.collegedelouest.ch\/wordpress\/2021\/09\/06\/nos-papillons\/","title":{"rendered":"Nos papillons"},"content":{"rendered":"\n<p><strong>Ce lundi matin 6 septembre, les 8 papillons que nous avons suivis dans leur \u00e9volution depuis le stade de chenille, ont \u00e9t\u00e9 rel\u00e2ch\u00e9s&#8230; Ce fut un grand moment d&rsquo;\u00e9motion !<\/strong><\/p>\n\n\n\n<figure class=\"wp-block-image size-large\"><img loading=\"lazy\" decoding=\"async\" width=\"1024\" height=\"768\" src=\"https:\/\/www.collegedelouest.ch\/wordpress\/wp-content\/uploads\/2021\/09\/wp-1630924277840-1024x768.jpg\" alt=\"\" class=\"wp-image-2744\" srcset=\"https:\/\/www.collegedelouest.ch\/wordpress\/wp-content\/uploads\/2021\/09\/wp-1630924277840-1024x768.jpg 1024w, https:\/\/www.collegedelouest.ch\/wordpress\/wp-content\/uploads\/2021\/09\/wp-1630924277840-300x225.jpg 300w, https:\/\/www.collegedelouest.ch\/wordpress\/wp-content\/uploads\/2021\/09\/wp-1630924277840-768x576.jpg 768w, https:\/\/www.collegedelouest.ch\/wordpress\/wp-content\/uploads\/2021\/09\/wp-1630924277840-1536x1152.jpg 1536w, https:\/\/www.collegedelouest.ch\/wordpress\/wp-content\/uploads\/2021\/09\/wp-1630924277840-690x518.jpg 690w, https:\/\/www.collegedelouest.ch\/wordpress\/wp-content\/uploads\/2021\/09\/wp-1630924277840-980x735.jpg 980w, https:\/\/www.collegedelouest.ch\/wordpress\/wp-content\/uploads\/2021\/09\/wp-1630924277840.jpg 1920w\" sizes=\"auto, (max-width: 1024px) 100vw, 1024px\" \/><\/figure>\n\n\n\n<figure class=\"wp-block-image\"><img loading=\"lazy\" decoding=\"async\" width=\"1920\" height=\"1440\" src=\"https:\/\/www.collegedelouest.ch\/wordpress\/wp-content\/uploads\/2021\/09\/wp-1630924278758.jpg\" alt=\"\" class=\"wp-image-2746\" srcset=\"https:\/\/www.collegedelouest.ch\/wordpress\/wp-content\/uploads\/2021\/09\/wp-1630924278758.jpg 1920w, https:\/\/www.collegedelouest.ch\/wordpress\/wp-content\/uploads\/2021\/09\/wp-1630924278758-300x225.jpg 300w, https:\/\/www.collegedelouest.ch\/wordpress\/wp-content\/uploads\/2021\/09\/wp-1630924278758-1024x768.jpg 1024w, https:\/\/www.collegedelouest.ch\/wordpress\/wp-content\/uploads\/2021\/09\/wp-1630924278758-768x576.jpg 768w, https:\/\/www.collegedelouest.ch\/wordpress\/wp-content\/uploads\/2021\/09\/wp-1630924278758-1536x1152.jpg 1536w, https:\/\/www.collegedelouest.ch\/wordpress\/wp-content\/uploads\/2021\/09\/wp-1630924278758-690x518.jpg 690w, https:\/\/www.collegedelouest.ch\/wordpress\/wp-content\/uploads\/2021\/09\/wp-1630924278758-980x735.jpg 980w\" sizes=\"auto, (max-width: 1920px) 100vw, 1920px\" \/><\/figure>\n\n\n\n<figure class=\"wp-block-image\"><img loading=\"lazy\" decoding=\"async\" width=\"1920\" height=\"1440\" src=\"https:\/\/www.collegedelouest.ch\/wordpress\/wp-content\/uploads\/2021\/09\/wp-1630924278829.jpg\" alt=\"\" class=\"wp-image-2745\" srcset=\"https:\/\/www.collegedelouest.ch\/wordpress\/wp-content\/uploads\/2021\/09\/wp-1630924278829.jpg 1920w, https:\/\/www.collegedelouest.ch\/wordpress\/wp-content\/uploads\/2021\/09\/wp-1630924278829-300x225.jpg 300w, https:\/\/www.collegedelouest.ch\/wordpress\/wp-content\/uploads\/2021\/09\/wp-1630924278829-1024x768.jpg 1024w, https:\/\/www.collegedelouest.ch\/wordpress\/wp-content\/uploads\/2021\/09\/wp-1630924278829-768x576.jpg 768w, https:\/\/www.collegedelouest.ch\/wordpress\/wp-content\/uploads\/2021\/09\/wp-1630924278829-1536x1152.jpg 1536w, https:\/\/www.collegedelouest.ch\/wordpress\/wp-content\/uploads\/2021\/09\/wp-1630924278829-690x518.jpg 690w, https:\/\/www.collegedelouest.ch\/wordpress\/wp-content\/uploads\/2021\/09\/wp-1630924278829-980x735.jpg 980w\" sizes=\"auto, (max-width: 1920px) 100vw, 1920px\" \/><\/figure>\n\n\n\n<figure class=\"wp-block-video\"><video height=\"256\" style=\"aspect-ratio: 456 \/ 256;\" width=\"456\" controls src=\"https:\/\/www.collegedelouest.ch\/wordpress\/wp-content\/uploads\/2021\/09\/wp-1630928271868.mp4\"><\/video><\/figure>\n\n\n\n<figure class=\"wp-block-video\"><video height=\"308\" style=\"aspect-ratio: 548 \/ 308;\" width=\"548\" controls src=\"https:\/\/www.collegedelouest.ch\/wordpress\/wp-content\/uploads\/2021\/09\/wp-1630928390724.mp4\"><\/video><\/figure>\n\n\n\n<p><strong>Deux vid\u00e9os de qualit\u00e9 m\u00e9diocre&#8230; il a fallu les compresser, afin de pouvoir les publier.<\/strong><\/p>\n","protected":false},"excerpt":{"rendered":"<p>Ce lundi matin 6 septembre, les 8 papillons que nous avons suivis dans leur \u00e9volution depuis le stade de chenille, ont \u00e9t\u00e9 rel\u00e2ch\u00e9s&#8230; Ce fut un grand moment d&rsquo;\u00e9motion ! Deux vid\u00e9os de qualit\u00e9 m\u00e9diocre&#8230; il a fallu les compresser, afin de pouvoir les publier.<\/p>\n","protected":false},"author":2,"featured_media":2752,"comment_status":"closed","ping_status":"open","sticky":false,"template":"","format":"image","meta":{"footnotes":""},"categories":[5,32,36,1],"tags":[],"class_list":["post-2747","post","type-post","status-publish","format-image","has-post-thumbnail","hentry","category-blog","category-classe-celine-guyot-et-audrey-thiebaud-2021-22","category-travaux202122","category-uncategorized","post_format-post-format-image"],"_links":{"self":[{"href":"https:\/\/www.collegedelouest.ch\/wordpress\/wp-json\/wp\/v2\/posts\/2747","targetHints":{"allow":["GET"]}}],"collection":[{"href":"https:\/\/www.collegedelouest.ch\/wordpress\/wp-json\/wp\/v2\/posts"}],"about":[{"href":"https:\/\/www.collegedelouest.ch\/wordpress\/wp-json\/wp\/v2\/types\/post"}],"author":[{"embeddable":true,"href":"https:\/\/www.collegedelouest.ch\/wordpress\/wp-json\/wp\/v2\/users\/2"}],"replies":[{"embeddable":true,"href":"https:\/\/www.collegedelouest.ch\/wordpress\/wp-json\/wp\/v2\/comments?post=2747"}],"version-history":[{"count":3,"href":"https:\/\/www.collegedelouest.ch\/wordpress\/wp-json\/wp\/v2\/posts\/2747\/revisions"}],"predecessor-version":[{"id":2753,"href":"https:\/\/www.collegedelouest.ch\/wordpress\/wp-json\/wp\/v2\/posts\/2747\/revisions\/2753"}],"wp:featuredmedia":[{"embeddable":true,"href":"https:\/\/www.collegedelouest.ch\/wordpress\/wp-json\/wp\/v2\/media\/2752"}],"wp:attachment":[{"href":"https:\/\/www.collegedelouest.ch\/wordpress\/wp-json\/wp\/v2\/media?parent=2747"}],"wp:term":[{"taxonomy":"category","embeddable":true,"href":"https:\/\/www.collegedelouest.ch\/wordpress\/wp-json\/wp\/v2\/categories?post=2747"},{"taxonomy":"post_tag","embeddable":true,"href":"https:\/\/www.collegedelouest.ch\/wordpress\/wp-json\/wp\/v2\/tags?post=2747"}],"curies":[{"name":"wp","href":"https:\/\/api.w.org\/{rel}","templated":true}]}}