{"id":2849,"date":"2021-12-21T15:26:09","date_gmt":"2021-12-21T14:26:09","guid":{"rendered":"https:\/\/www.collegedelouest.ch\/wordpress\/?p=2849"},"modified":"2021-12-21T15:29:54","modified_gmt":"2021-12-21T14:29:54","slug":"nos-deux-chants-de-noel","status":"publish","type":"post","link":"https:\/\/www.collegedelouest.ch\/wordpress\/2021\/12\/21\/nos-deux-chants-de-noel\/","title":{"rendered":"Nos deux chants de No\u00ebl"},"content":{"rendered":"\n<p><strong>Pour vous souhaiter de belles f\u00eates de fin d&rsquo;ann\u00e9e, nous avons enregistr\u00e9 en classe: \u00ab\u00a0Une fleur m&rsquo;a dit\u00a0\u00bb et \u00ab\u00a0Le p\u00e8re No\u00ebl a rencontr\u00e9 Saint-Nicolas\u00a0\u00bb.<\/strong><\/p>\n\n\n\n<p><strong>JOYEUSES FETES A TOUS !!! BELLES VACANCES !!!<\/strong><\/p>\n\n\n\n<figure class=\"wp-block-image size-large\"><img loading=\"lazy\" decoding=\"async\" width=\"1865\" height=\"1920\" src=\"https:\/\/www.collegedelouest.ch\/wordpress\/wp-content\/uploads\/2021\/12\/wp-1640094795696.jpg\" alt=\"\" class=\"wp-image-2846\" srcset=\"https:\/\/www.collegedelouest.ch\/wordpress\/wp-content\/uploads\/2021\/12\/wp-1640094795696.jpg 1865w, https:\/\/www.collegedelouest.ch\/wordpress\/wp-content\/uploads\/2021\/12\/wp-1640094795696-291x300.jpg 291w, https:\/\/www.collegedelouest.ch\/wordpress\/wp-content\/uploads\/2021\/12\/wp-1640094795696-995x1024.jpg 995w, https:\/\/www.collegedelouest.ch\/wordpress\/wp-content\/uploads\/2021\/12\/wp-1640094795696-768x791.jpg 768w, https:\/\/www.collegedelouest.ch\/wordpress\/wp-content\/uploads\/2021\/12\/wp-1640094795696-1492x1536.jpg 1492w, https:\/\/www.collegedelouest.ch\/wordpress\/wp-content\/uploads\/2021\/12\/wp-1640094795696-690x710.jpg 690w, https:\/\/www.collegedelouest.ch\/wordpress\/wp-content\/uploads\/2021\/12\/wp-1640094795696-980x1009.jpg 980w\" sizes=\"auto, (max-width: 1865px) 100vw, 1865px\" \/><\/figure>\n\n\n\n<figure class=\"wp-block-audio\"><audio controls src=\"https:\/\/www.collegedelouest.ch\/wordpress\/wp-content\/uploads\/2021\/12\/UneFleurMaDit.mp3\"><\/audio><\/figure>\n\n\n\n<figure class=\"wp-block-image size-large\"><img loading=\"lazy\" decoding=\"async\" width=\"1920\" height=\"1788\" src=\"https:\/\/www.collegedelouest.ch\/wordpress\/wp-content\/uploads\/2021\/12\/20211221_145524.jpg\" alt=\"\" class=\"wp-image-2847\" srcset=\"https:\/\/www.collegedelouest.ch\/wordpress\/wp-content\/uploads\/2021\/12\/20211221_145524.jpg 1920w, https:\/\/www.collegedelouest.ch\/wordpress\/wp-content\/uploads\/2021\/12\/20211221_145524-300x279.jpg 300w, https:\/\/www.collegedelouest.ch\/wordpress\/wp-content\/uploads\/2021\/12\/20211221_145524-1024x954.jpg 1024w, https:\/\/www.collegedelouest.ch\/wordpress\/wp-content\/uploads\/2021\/12\/20211221_145524-768x715.jpg 768w, https:\/\/www.collegedelouest.ch\/wordpress\/wp-content\/uploads\/2021\/12\/20211221_145524-1536x1430.jpg 1536w, https:\/\/www.collegedelouest.ch\/wordpress\/wp-content\/uploads\/2021\/12\/20211221_145524-690x643.jpg 690w, https:\/\/www.collegedelouest.ch\/wordpress\/wp-content\/uploads\/2021\/12\/20211221_145524-980x913.jpg 980w\" sizes=\"auto, (max-width: 1920px) 100vw, 1920px\" \/><\/figure>\n\n\n\n<figure class=\"wp-block-audio\"><audio controls src=\"https:\/\/www.collegedelouest.ch\/wordpress\/wp-content\/uploads\/2021\/12\/LePereNoelARencontre.mp3\"><\/audio><\/figure>\n","protected":false},"excerpt":{"rendered":"<p>Pour vous souhaiter de belles f\u00eates de fin d&rsquo;ann\u00e9e, nous avons enregistr\u00e9 en classe: \u00ab\u00a0Une fleur m&rsquo;a dit\u00a0\u00bb et \u00ab\u00a0Le p\u00e8re No\u00ebl a rencontr\u00e9 Saint-Nicolas\u00a0\u00bb. JOYEUSES FETES A TOUS !!! BELLES VACANCES !!!<\/p>\n","protected":false},"author":2,"featured_media":2851,"comment_status":"closed","ping_status":"open","sticky":false,"template":"","format":"image","meta":{"footnotes":""},"categories":[5,32,36],"tags":[],"class_list":["post-2849","post","type-post","status-publish","format-image","has-post-thumbnail","hentry","category-blog","category-classe-celine-guyot-et-audrey-thiebaud-2021-22","category-travaux202122","post_format-post-format-image"],"_links":{"self":[{"href":"https:\/\/www.collegedelouest.ch\/wordpress\/wp-json\/wp\/v2\/posts\/2849","targetHints":{"allow":["GET"]}}],"collection":[{"href":"https:\/\/www.collegedelouest.ch\/wordpress\/wp-json\/wp\/v2\/posts"}],"about":[{"href":"https:\/\/www.collegedelouest.ch\/wordpress\/wp-json\/wp\/v2\/types\/post"}],"author":[{"embeddable":true,"href":"https:\/\/www.collegedelouest.ch\/wordpress\/wp-json\/wp\/v2\/users\/2"}],"replies":[{"embeddable":true,"href":"https:\/\/www.collegedelouest.ch\/wordpress\/wp-json\/wp\/v2\/comments?post=2849"}],"version-history":[{"count":1,"href":"https:\/\/www.collegedelouest.ch\/wordpress\/wp-json\/wp\/v2\/posts\/2849\/revisions"}],"predecessor-version":[{"id":2850,"href":"https:\/\/www.collegedelouest.ch\/wordpress\/wp-json\/wp\/v2\/posts\/2849\/revisions\/2850"}],"wp:featuredmedia":[{"embeddable":true,"href":"https:\/\/www.collegedelouest.ch\/wordpress\/wp-json\/wp\/v2\/media\/2851"}],"wp:attachment":[{"href":"https:\/\/www.collegedelouest.ch\/wordpress\/wp-json\/wp\/v2\/media?parent=2849"}],"wp:term":[{"taxonomy":"category","embeddable":true,"href":"https:\/\/www.collegedelouest.ch\/wordpress\/wp-json\/wp\/v2\/categories?post=2849"},{"taxonomy":"post_tag","embeddable":true,"href":"https:\/\/www.collegedelouest.ch\/wordpress\/wp-json\/wp\/v2\/tags?post=2849"}],"curies":[{"name":"wp","href":"https:\/\/api.w.org\/{rel}","templated":true}]}}