{"id":2858,"date":"2021-12-23T11:03:36","date_gmt":"2021-12-23T10:03:36","guid":{"rendered":"https:\/\/www.collegedelouest.ch\/wordpress\/?p=2858"},"modified":"2021-12-23T11:07:18","modified_gmt":"2021-12-23T10:07:18","slug":"poemes-de-noel","status":"publish","type":"post","link":"https:\/\/www.collegedelouest.ch\/wordpress\/2021\/12\/23\/poemes-de-noel\/","title":{"rendered":"Po\u00e8mes de No\u00ebl"},"content":{"rendered":"\n<p><strong>Timoth\u00e9e, Ke\u00efla, Thalya, Pen\u00e9lope, Izem, Alycia, Ela et Loryna vous r\u00e9citent leurs po\u00e8mes pour vous souhaiter de belles f\u00eates de fin d&rsquo;ann\u00e9e !<\/strong><\/p>\n\n\n\n<figure class=\"wp-block-audio\"><audio controls src=\"https:\/\/www.collegedelouest.ch\/wordpress\/wp-content\/uploads\/2021\/12\/LeBonhommeDeNeigeAuteurInconnuPenelope.mp3.m4a\"><\/audio><\/figure>\n\n\n\n<figure class=\"wp-block-audio\"><audio controls src=\"https:\/\/www.collegedelouest.ch\/wordpress\/wp-content\/uploads\/2021\/12\/ChansonpourLesEnfantsLHiverJ.PrevertTimothee.mp3.m4a\"><\/audio><\/figure>\n\n\n\n<figure class=\"wp-block-audio\"><audio controls src=\"https:\/\/www.collegedelouest.ch\/wordpress\/wp-content\/uploads\/2021\/12\/NeigeetGlaceN.Mertens_E.Roller.KeilaAlycia.mp3.m4a\"><\/audio><\/figure>\n\n\n\n<figure class=\"wp-block-audio\"><audio controls src=\"https:\/\/www.collegedelouest.ch\/wordpress\/wp-content\/uploads\/2021\/12\/Nuage__N.Mertens_E.Roller.Loryna.mp3.m4a\"><\/audio><\/figure>\n\n\n\n<figure class=\"wp-block-audio\"><audio controls src=\"https:\/\/www.collegedelouest.ch\/wordpress\/wp-content\/uploads\/2021\/12\/HiverN.Mertens_E.Roller.ThalyaIzemEla.mp3.m4a\"><\/audio><\/figure>\n","protected":false},"excerpt":{"rendered":"<p>Timoth\u00e9e, Ke\u00efla, Thalya, Pen\u00e9lope, Izem, Alycia, Ela et Loryna vous r\u00e9citent leurs po\u00e8mes pour vous souhaiter de belles f\u00eates de fin d&rsquo;ann\u00e9e !<\/p>\n","protected":false},"author":2,"featured_media":2860,"comment_status":"closed","ping_status":"open","sticky":false,"template":"","format":"image","meta":{"footnotes":""},"categories":[5,32,36,1],"tags":[],"class_list":["post-2858","post","type-post","status-publish","format-image","has-post-thumbnail","hentry","category-blog","category-classe-celine-guyot-et-audrey-thiebaud-2021-22","category-travaux202122","category-uncategorized","post_format-post-format-image"],"_links":{"self":[{"href":"https:\/\/www.collegedelouest.ch\/wordpress\/wp-json\/wp\/v2\/posts\/2858","targetHints":{"allow":["GET"]}}],"collection":[{"href":"https:\/\/www.collegedelouest.ch\/wordpress\/wp-json\/wp\/v2\/posts"}],"about":[{"href":"https:\/\/www.collegedelouest.ch\/wordpress\/wp-json\/wp\/v2\/types\/post"}],"author":[{"embeddable":true,"href":"https:\/\/www.collegedelouest.ch\/wordpress\/wp-json\/wp\/v2\/users\/2"}],"replies":[{"embeddable":true,"href":"https:\/\/www.collegedelouest.ch\/wordpress\/wp-json\/wp\/v2\/comments?post=2858"}],"version-history":[{"count":1,"href":"https:\/\/www.collegedelouest.ch\/wordpress\/wp-json\/wp\/v2\/posts\/2858\/revisions"}],"predecessor-version":[{"id":2859,"href":"https:\/\/www.collegedelouest.ch\/wordpress\/wp-json\/wp\/v2\/posts\/2858\/revisions\/2859"}],"wp:featuredmedia":[{"embeddable":true,"href":"https:\/\/www.collegedelouest.ch\/wordpress\/wp-json\/wp\/v2\/media\/2860"}],"wp:attachment":[{"href":"https:\/\/www.collegedelouest.ch\/wordpress\/wp-json\/wp\/v2\/media?parent=2858"}],"wp:term":[{"taxonomy":"category","embeddable":true,"href":"https:\/\/www.collegedelouest.ch\/wordpress\/wp-json\/wp\/v2\/categories?post=2858"},{"taxonomy":"post_tag","embeddable":true,"href":"https:\/\/www.collegedelouest.ch\/wordpress\/wp-json\/wp\/v2\/tags?post=2858"}],"curies":[{"name":"wp","href":"https:\/\/api.w.org\/{rel}","templated":true}]}}