{"id":2861,"date":"2022-02-12T09:35:03","date_gmt":"2022-02-12T08:35:03","guid":{"rendered":"https:\/\/www.collegedelouest.ch\/wordpress\/?p=2861"},"modified":"2022-02-12T09:46:50","modified_gmt":"2022-02-12T08:46:50","slug":"nos-comptines","status":"publish","type":"post","link":"https:\/\/www.collegedelouest.ch\/wordpress\/2022\/02\/12\/nos-comptines\/","title":{"rendered":"Nos comptines&#8230;"},"content":{"rendered":"\n<p><strong>Apr\u00e8s une \u00e9tude des mots -ill, -ail, -eil, -euil nous avons essay\u00e9 d&rsquo;inventer quelques comptines.<\/strong><\/p>\n\n\n\n<p><strong>Les voici:<\/strong><\/p>\n\n\n\n<p><strong>1:<\/strong><\/p>\n\n\n\n<p><strong>Le soleil se r\u00e9veille<\/strong><\/p>\n\n\n\n<p><strong>avec son petit r\u00e9veil<\/strong><\/p>\n\n\n\n<p><strong>et beaucoup de conseils et de sommeil. Milkiyas<\/strong><\/p>\n\n\n\n<p><strong>2:<\/strong><\/p>\n\n\n\n<p><strong>Ce matin \u00e0 mon r\u00e9veil,<\/strong><\/p>\n\n\n\n<p><strong> une feuille m&rsquo;a donn\u00e9e le conseil<\/strong><\/p>\n\n\n\n<p><strong> de ne plus \u00e9craser les abeilles. Alycia<\/strong><\/p>\n\n\n\n<p><strong>3:<\/strong><\/p>\n\n\n\n<p><strong>Au travail,<\/strong><\/p>\n\n\n\n<p><strong>j&rsquo;avais une taille<\/strong><\/p>\n\n\n\n<p><strong>d&rsquo;\u00e9pouvantail<\/strong><\/p>\n\n\n\n<p><strong>devant le portail. Loryna<\/strong><\/p>\n\n\n\n<p><strong>4:<\/strong><\/p>\n\n\n\n<p><strong>Soleil,<\/strong><\/p>\n\n\n\n<p><strong>je te donne un conseil:<\/strong><\/p>\n\n\n\n<p><strong>regarde bien les oreilles<\/strong><\/p>\n\n\n\n<p><strong>des abeilles<\/strong><\/p>\n\n\n\n<p><strong>sans orteils. Ela<\/strong><\/p>\n\n\n\n<p><strong>5:<\/strong><\/p>\n\n\n\n<p><strong>Le r\u00e9veil<\/strong><\/p>\n\n\n\n<p><strong>se r\u00e9veille<\/strong><\/p>\n\n\n\n<p><strong>avec des r\u00e9veils<\/strong><\/p>\n\n\n\n<p><strong>dans les oreilles. Chanasit<\/strong><\/p>\n\n\n\n<p><strong>6:<\/strong><\/p>\n\n\n\n<p><strong>L&rsquo;\u00e9pouvantail<\/strong><\/p>\n\n\n\n<p><strong>est devant son portail<\/strong><\/p>\n\n\n\n<p><strong>avec un samourail<\/strong><\/p>\n\n\n\n<p><strong>pour sauter dans la paille. Timoth\u00e9e<\/strong><\/p>\n\n\n\n<p><strong>7.<\/strong><\/p>\n\n\n\n<p><strong>Au travail,<\/strong><\/p>\n\n\n\n<p>J<strong>&lsquo;ai vu un \u00e9pouvantail<\/strong><\/p>\n\n\n\n<p><strong>qui m&rsquo;a ramen\u00e9 devant mon portail<\/strong><\/p>\n\n\n\n<p><strong>et qui m&rsquo;a demander de lui faire un joli vitrail. Thalya<\/strong><\/p>\n\n\n\n<p><strong>8.<\/strong><\/p>\n\n\n\n<p><strong>L&rsquo;abeille fait des merveilles<\/strong><\/p>\n\n\n\n<p><strong>dans une corbeille<\/strong><\/p>\n\n\n\n<p><strong>et mange de l&rsquo;oseille. Marie<\/strong><\/p>\n\n\n\n<p><strong>9.<\/strong><\/p>\n\n\n\n<p><strong>Une abeille<\/strong><\/p>\n\n\n\n<p><strong>se r\u00e9veille<\/strong><\/p>\n\n\n\n<p><strong>sur des merveilles<\/strong><\/p>\n\n\n\n<p><strong>au soleil. Alice<\/strong><\/p>\n\n\n\n<p><strong>10.<\/strong><\/p>\n\n\n\n<p><strong>Au travail,<\/strong><\/p>\n\n\n\n<p><strong>j&rsquo;ai cass\u00e9 mon \u00e9ventail<\/strong><\/p>\n\n\n\n<p><strong>et je n&rsquo;ai pas gagn\u00e9 de m\u00e9daille<\/strong>. <strong>Florant<\/strong><\/p>\n\n\n\n<p><strong>11.<\/strong><\/p>\n\n\n\n<p><strong>L&rsquo;abeille<\/strong><\/p>\n\n\n\n<p><strong>r\u00eavait de merveilles<\/strong><\/p>\n\n\n\n<p><strong>dans une vieille corbeille. Ke\u00efla<\/strong><\/p>\n\n\n\n<p><strong>12.<\/strong><\/p>\n\n\n\n<p><strong>Une abeille<\/strong><\/p>\n\n\n\n<p><strong>mange des merveilles<\/strong><\/p>\n\n\n\n<p><strong>\u00e0 son r\u00e9veil. Mizuki<\/strong><\/p>\n","protected":false},"excerpt":{"rendered":"<p>Apr\u00e8s une \u00e9tude des mots -ill, -ail, -eil, -euil nous avons essay\u00e9 d&rsquo;inventer quelques comptines. Les voici: 1: Le soleil se r\u00e9veille avec son petit r\u00e9veil et beaucoup de conseils et de sommeil. Milkiyas 2: Ce matin \u00e0 mon r\u00e9veil, une feuille m&rsquo;a donn\u00e9e le conseil de ne plus \u00e9craser les abeilles. Alycia 3: Au [&hellip;]<\/p>\n","protected":false},"author":2,"featured_media":2864,"comment_status":"closed","ping_status":"open","sticky":false,"template":"","format":"image","meta":{"footnotes":""},"categories":[5,32,36,1],"tags":[],"class_list":["post-2861","post","type-post","status-publish","format-image","has-post-thumbnail","hentry","category-blog","category-classe-celine-guyot-et-audrey-thiebaud-2021-22","category-travaux202122","category-uncategorized","post_format-post-format-image"],"_links":{"self":[{"href":"https:\/\/www.collegedelouest.ch\/wordpress\/wp-json\/wp\/v2\/posts\/2861","targetHints":{"allow":["GET"]}}],"collection":[{"href":"https:\/\/www.collegedelouest.ch\/wordpress\/wp-json\/wp\/v2\/posts"}],"about":[{"href":"https:\/\/www.collegedelouest.ch\/wordpress\/wp-json\/wp\/v2\/types\/post"}],"author":[{"embeddable":true,"href":"https:\/\/www.collegedelouest.ch\/wordpress\/wp-json\/wp\/v2\/users\/2"}],"replies":[{"embeddable":true,"href":"https:\/\/www.collegedelouest.ch\/wordpress\/wp-json\/wp\/v2\/comments?post=2861"}],"version-history":[{"count":2,"href":"https:\/\/www.collegedelouest.ch\/wordpress\/wp-json\/wp\/v2\/posts\/2861\/revisions"}],"predecessor-version":[{"id":2863,"href":"https:\/\/www.collegedelouest.ch\/wordpress\/wp-json\/wp\/v2\/posts\/2861\/revisions\/2863"}],"wp:featuredmedia":[{"embeddable":true,"href":"https:\/\/www.collegedelouest.ch\/wordpress\/wp-json\/wp\/v2\/media\/2864"}],"wp:attachment":[{"href":"https:\/\/www.collegedelouest.ch\/wordpress\/wp-json\/wp\/v2\/media?parent=2861"}],"wp:term":[{"taxonomy":"category","embeddable":true,"href":"https:\/\/www.collegedelouest.ch\/wordpress\/wp-json\/wp\/v2\/categories?post=2861"},{"taxonomy":"post_tag","embeddable":true,"href":"https:\/\/www.collegedelouest.ch\/wordpress\/wp-json\/wp\/v2\/tags?post=2861"}],"curies":[{"name":"wp","href":"https:\/\/api.w.org\/{rel}","templated":true}]}}