{"id":2922,"date":"2022-04-24T17:19:28","date_gmt":"2022-04-24T15:19:28","guid":{"rendered":"https:\/\/www.collegedelouest.ch\/wordpress\/?p=2922"},"modified":"2022-04-24T17:21:38","modified_gmt":"2022-04-24T15:21:38","slug":"association-les-graines","status":"publish","type":"post","link":"https:\/\/www.collegedelouest.ch\/wordpress\/2022\/04\/24\/association-les-graines\/","title":{"rendered":"Association \u00ab\u00a0Les graines\u00a0\u00bb"},"content":{"rendered":"\n<p><strong>En d\u00e9but d&rsquo;ann\u00e9e scolaire, nous avons eu la chance de pouvoir aller en for\u00eat<\/strong> <strong>avec Emilie de l&rsquo;association \u00ab\u00a0Les graines\u00a0\u00bb.<\/strong><\/p>\n\n\n\n<p><strong>Voici un flyer \u00e0 t\u00e9l\u00e9charger si vous souhaitez d\u00e9couvrir des activit\u00e9s \u00e0 faire avec votre enfant en for\u00eat<\/strong>.<\/p>\n\n\n\n<div class=\"wp-block-file\"><a href=\"https:\/\/www.collegedelouest.ch\/wordpress\/wp-content\/uploads\/2022\/04\/flyer-2022.pdf\" class=\"mtli_attachment mtli_pdf\"><strong>Flyer de pr\u00e9sentation<\/strong><\/a><\/div>\n\n\n\n<p><a rel=\"noreferrer noopener\" href=\"http:\/\/www.les-graines.ch\/\" target=\"_blank\">Association \u00ab\u00a0Les graines\u00a0\u00bb<\/a><\/p>\n\n\n\n<p><\/p>\n","protected":false},"excerpt":{"rendered":"<p>En d\u00e9but d&rsquo;ann\u00e9e scolaire, nous avons eu la chance de pouvoir aller en for\u00eat avec Emilie de l&rsquo;association \u00ab\u00a0Les graines\u00a0\u00bb. Voici un flyer \u00e0 t\u00e9l\u00e9charger si vous souhaitez d\u00e9couvrir des activit\u00e9s \u00e0 faire avec votre enfant en for\u00eat. Association \u00ab\u00a0Les graines\u00a0\u00bb<\/p>\n","protected":false},"author":2,"featured_media":2925,"comment_status":"closed","ping_status":"open","sticky":false,"template":"","format":"image","meta":{"footnotes":""},"categories":[5,32,6,36,1],"tags":[],"class_list":["post-2922","post","type-post","status-publish","format-image","has-post-thumbnail","hentry","category-blog","category-classe-celine-guyot-et-audrey-thiebaud-2021-22","category-pourlesparents","category-travaux202122","category-uncategorized","post_format-post-format-image"],"_links":{"self":[{"href":"https:\/\/www.collegedelouest.ch\/wordpress\/wp-json\/wp\/v2\/posts\/2922","targetHints":{"allow":["GET"]}}],"collection":[{"href":"https:\/\/www.collegedelouest.ch\/wordpress\/wp-json\/wp\/v2\/posts"}],"about":[{"href":"https:\/\/www.collegedelouest.ch\/wordpress\/wp-json\/wp\/v2\/types\/post"}],"author":[{"embeddable":true,"href":"https:\/\/www.collegedelouest.ch\/wordpress\/wp-json\/wp\/v2\/users\/2"}],"replies":[{"embeddable":true,"href":"https:\/\/www.collegedelouest.ch\/wordpress\/wp-json\/wp\/v2\/comments?post=2922"}],"version-history":[{"count":2,"href":"https:\/\/www.collegedelouest.ch\/wordpress\/wp-json\/wp\/v2\/posts\/2922\/revisions"}],"predecessor-version":[{"id":2926,"href":"https:\/\/www.collegedelouest.ch\/wordpress\/wp-json\/wp\/v2\/posts\/2922\/revisions\/2926"}],"wp:featuredmedia":[{"embeddable":true,"href":"https:\/\/www.collegedelouest.ch\/wordpress\/wp-json\/wp\/v2\/media\/2925"}],"wp:attachment":[{"href":"https:\/\/www.collegedelouest.ch\/wordpress\/wp-json\/wp\/v2\/media?parent=2922"}],"wp:term":[{"taxonomy":"category","embeddable":true,"href":"https:\/\/www.collegedelouest.ch\/wordpress\/wp-json\/wp\/v2\/categories?post=2922"},{"taxonomy":"post_tag","embeddable":true,"href":"https:\/\/www.collegedelouest.ch\/wordpress\/wp-json\/wp\/v2\/tags?post=2922"}],"curies":[{"name":"wp","href":"https:\/\/api.w.org\/{rel}","templated":true}]}}