{"id":3179,"date":"2023-11-09T17:37:08","date_gmt":"2023-11-09T16:37:08","guid":{"rendered":"https:\/\/www.collegedelouest.ch\/wordpress\/?p=3179"},"modified":"2023-11-09T17:37:19","modified_gmt":"2023-11-09T16:37:19","slug":"matinee-du-8-novembre-2023-au-canape-forestier","status":"publish","type":"post","link":"https:\/\/www.collegedelouest.ch\/wordpress\/2023\/11\/09\/matinee-du-8-novembre-2023-au-canape-forestier\/","title":{"rendered":"Matin\u00e9e du 8 novembre 2023 au canap\u00e9 forestier"},"content":{"rendered":"\n<p><strong>Gr\u00e2ce \u00e0 notre animatrice Anne-Laure, nous avons pu passer une matin\u00e9e au canap\u00e9 forestier du \u00ab\u00a0Chemin des Romains\u00a0\u00bb.<\/strong><\/p>\n\n\n\n<p><strong>Voici des photos qui pr\u00e9sentent quelques activit\u00e9s auxquelles les \u00e9l\u00e8ves ont pu participer avec grand plaisir !<\/strong><\/p>\n\n\n\n<figure class=\"wp-block-image size-large\"><img loading=\"lazy\" decoding=\"async\" width=\"1024\" height=\"577\" src=\"https:\/\/www.collegedelouest.ch\/wordpress\/wp-content\/uploads\/2023\/11\/wp-1699547091471-1024x577.jpg\" alt=\"\" class=\"wp-image-3170\" srcset=\"https:\/\/www.collegedelouest.ch\/wordpress\/wp-content\/uploads\/2023\/11\/wp-1699547091471-1024x577.jpg 1024w, https:\/\/www.collegedelouest.ch\/wordpress\/wp-content\/uploads\/2023\/11\/wp-1699547091471-300x169.jpg 300w, https:\/\/www.collegedelouest.ch\/wordpress\/wp-content\/uploads\/2023\/11\/wp-1699547091471-768x433.jpg 768w, https:\/\/www.collegedelouest.ch\/wordpress\/wp-content\/uploads\/2023\/11\/wp-1699547091471-1536x866.jpg 1536w, https:\/\/www.collegedelouest.ch\/wordpress\/wp-content\/uploads\/2023\/11\/wp-1699547091471-690x389.jpg 690w, https:\/\/www.collegedelouest.ch\/wordpress\/wp-content\/uploads\/2023\/11\/wp-1699547091471-980x552.jpg 980w, https:\/\/www.collegedelouest.ch\/wordpress\/wp-content\/uploads\/2023\/11\/wp-1699547091471.jpg 1920w\" sizes=\"auto, (max-width: 1024px) 100vw, 1024px\" \/><figcaption class=\"wp-element-caption\"><strong>Vue sur le canap\u00e9 forestier<\/strong><\/figcaption><\/figure>\n\n\n\n<figure class=\"wp-block-image size-large\"><img loading=\"lazy\" decoding=\"async\" width=\"578\" height=\"1024\" src=\"https:\/\/www.collegedelouest.ch\/wordpress\/wp-content\/uploads\/2023\/11\/wp-1699547091647-578x1024.jpg\" alt=\"\" class=\"wp-image-3176\" srcset=\"https:\/\/www.collegedelouest.ch\/wordpress\/wp-content\/uploads\/2023\/11\/wp-1699547091647-578x1024.jpg 578w, https:\/\/www.collegedelouest.ch\/wordpress\/wp-content\/uploads\/2023\/11\/wp-1699547091647-169x300.jpg 169w, https:\/\/www.collegedelouest.ch\/wordpress\/wp-content\/uploads\/2023\/11\/wp-1699547091647-690x1223.jpg 690w, https:\/\/www.collegedelouest.ch\/wordpress\/wp-content\/uploads\/2023\/11\/wp-1699547091647.jpg 722w\" sizes=\"auto, (max-width: 578px) 100vw, 578px\" \/><\/figure>\n\n\n\n<figure class=\"wp-block-image size-large\"><img loading=\"lazy\" decoding=\"async\" width=\"698\" height=\"883\" src=\"https:\/\/www.collegedelouest.ch\/wordpress\/wp-content\/uploads\/2023\/11\/image_editor_output_image650915001-1699547441817.jpg\" alt=\"\" class=\"wp-image-3177\" srcset=\"https:\/\/www.collegedelouest.ch\/wordpress\/wp-content\/uploads\/2023\/11\/image_editor_output_image650915001-1699547441817.jpg 698w, https:\/\/www.collegedelouest.ch\/wordpress\/wp-content\/uploads\/2023\/11\/image_editor_output_image650915001-1699547441817-237x300.jpg 237w, https:\/\/www.collegedelouest.ch\/wordpress\/wp-content\/uploads\/2023\/11\/image_editor_output_image650915001-1699547441817-690x873.jpg 690w\" sizes=\"auto, (max-width: 698px) 100vw, 698px\" \/><figcaption class=\"wp-element-caption\"><strong>Travail sur la reconnaissance des feuilles d&rsquo;arbres et les couleurs.<\/strong><\/figcaption><\/figure>\n\n\n\n<figure class=\"wp-block-image size-large\"><img loading=\"lazy\" decoding=\"async\" width=\"1024\" height=\"578\" src=\"https:\/\/www.collegedelouest.ch\/wordpress\/wp-content\/uploads\/2023\/11\/wp-1699547091617-1024x578.jpg\" alt=\"\" class=\"wp-image-3174\" srcset=\"https:\/\/www.collegedelouest.ch\/wordpress\/wp-content\/uploads\/2023\/11\/wp-1699547091617-1024x578.jpg 1024w, https:\/\/www.collegedelouest.ch\/wordpress\/wp-content\/uploads\/2023\/11\/wp-1699547091617-300x169.jpg 300w, https:\/\/www.collegedelouest.ch\/wordpress\/wp-content\/uploads\/2023\/11\/wp-1699547091617-768x433.jpg 768w, https:\/\/www.collegedelouest.ch\/wordpress\/wp-content\/uploads\/2023\/11\/wp-1699547091617-690x389.jpg 690w, https:\/\/www.collegedelouest.ch\/wordpress\/wp-content\/uploads\/2023\/11\/wp-1699547091617-980x553.jpg 980w, https:\/\/www.collegedelouest.ch\/wordpress\/wp-content\/uploads\/2023\/11\/wp-1699547091617.jpg 1166w\" sizes=\"auto, (max-width: 1024px) 100vw, 1024px\" \/><\/figure>\n\n\n\n<figure class=\"wp-block-image\"><img loading=\"lazy\" decoding=\"async\" width=\"722\" height=\"1280\" src=\"https:\/\/www.collegedelouest.ch\/wordpress\/wp-content\/uploads\/2023\/11\/wp-1699547091591.jpg\" alt=\"\" class=\"wp-image-3172\" srcset=\"https:\/\/www.collegedelouest.ch\/wordpress\/wp-content\/uploads\/2023\/11\/wp-1699547091591.jpg 722w, https:\/\/www.collegedelouest.ch\/wordpress\/wp-content\/uploads\/2023\/11\/wp-1699547091591-169x300.jpg 169w, https:\/\/www.collegedelouest.ch\/wordpress\/wp-content\/uploads\/2023\/11\/wp-1699547091591-578x1024.jpg 578w, https:\/\/www.collegedelouest.ch\/wordpress\/wp-content\/uploads\/2023\/11\/wp-1699547091591-690x1223.jpg 690w\" sizes=\"auto, (max-width: 722px) 100vw, 722px\" \/><\/figure>\n\n\n\n<figure class=\"wp-block-image\"><img loading=\"lazy\" decoding=\"async\" width=\"1280\" height=\"722\" src=\"https:\/\/www.collegedelouest.ch\/wordpress\/wp-content\/uploads\/2023\/11\/wp-1699547091552.jpg\" alt=\"\" class=\"wp-image-3169\" srcset=\"https:\/\/www.collegedelouest.ch\/wordpress\/wp-content\/uploads\/2023\/11\/wp-1699547091552.jpg 1280w, https:\/\/www.collegedelouest.ch\/wordpress\/wp-content\/uploads\/2023\/11\/wp-1699547091552-300x169.jpg 300w, https:\/\/www.collegedelouest.ch\/wordpress\/wp-content\/uploads\/2023\/11\/wp-1699547091552-1024x578.jpg 1024w, https:\/\/www.collegedelouest.ch\/wordpress\/wp-content\/uploads\/2023\/11\/wp-1699547091552-768x433.jpg 768w, https:\/\/www.collegedelouest.ch\/wordpress\/wp-content\/uploads\/2023\/11\/wp-1699547091552-690x389.jpg 690w, https:\/\/www.collegedelouest.ch\/wordpress\/wp-content\/uploads\/2023\/11\/wp-1699547091552-980x553.jpg 980w\" sizes=\"auto, (max-width: 1280px) 100vw, 1280px\" \/><\/figure>\n\n\n\n<figure class=\"wp-block-image\"><img loading=\"lazy\" decoding=\"async\" width=\"722\" height=\"1280\" src=\"https:\/\/www.collegedelouest.ch\/wordpress\/wp-content\/uploads\/2023\/11\/wp-1699547091578.jpg\" alt=\"\" class=\"wp-image-3168\" srcset=\"https:\/\/www.collegedelouest.ch\/wordpress\/wp-content\/uploads\/2023\/11\/wp-1699547091578.jpg 722w, https:\/\/www.collegedelouest.ch\/wordpress\/wp-content\/uploads\/2023\/11\/wp-1699547091578-169x300.jpg 169w, https:\/\/www.collegedelouest.ch\/wordpress\/wp-content\/uploads\/2023\/11\/wp-1699547091578-578x1024.jpg 578w, https:\/\/www.collegedelouest.ch\/wordpress\/wp-content\/uploads\/2023\/11\/wp-1699547091578-690x1223.jpg 690w\" sizes=\"auto, (max-width: 722px) 100vw, 722px\" \/><\/figure>\n\n\n\n<figure class=\"wp-block-image\"><img loading=\"lazy\" decoding=\"async\" width=\"722\" height=\"1280\" src=\"https:\/\/www.collegedelouest.ch\/wordpress\/wp-content\/uploads\/2023\/11\/wp-1699547091604.jpg\" alt=\"\" class=\"wp-image-3173\" srcset=\"https:\/\/www.collegedelouest.ch\/wordpress\/wp-content\/uploads\/2023\/11\/wp-1699547091604.jpg 722w, https:\/\/www.collegedelouest.ch\/wordpress\/wp-content\/uploads\/2023\/11\/wp-1699547091604-169x300.jpg 169w, https:\/\/www.collegedelouest.ch\/wordpress\/wp-content\/uploads\/2023\/11\/wp-1699547091604-578x1024.jpg 578w, https:\/\/www.collegedelouest.ch\/wordpress\/wp-content\/uploads\/2023\/11\/wp-1699547091604-690x1223.jpg 690w\" sizes=\"auto, (max-width: 722px) 100vw, 722px\" \/><figcaption class=\"wp-element-caption\"><strong>Travail en \u00e9quipe pour repr\u00e9senter un personnage et \u00ab\u00a0l&rsquo;habiller\u00a0\u00bb, puis le pr\u00e9senter aux autres groupes.<\/strong><\/figcaption><\/figure>\n\n\n\n<p><strong>Nous avons eu de la chance avec le temps, malgr\u00e9 une temp\u00e9rature fra\u00eeche. Quelle magnifique matin\u00e9e ! Un tout grand MERCI \u00e0 Anne-Laure !<\/strong><\/p>\n","protected":false},"excerpt":{"rendered":"<p>Gr\u00e2ce \u00e0 notre animatrice Anne-Laure, nous avons pu passer une matin\u00e9e au canap\u00e9 forestier du \u00ab\u00a0Chemin des Romains\u00a0\u00bb. Voici des photos qui pr\u00e9sentent quelques activit\u00e9s auxquelles les \u00e9l\u00e8ves ont pu participer avec grand plaisir ! Nous avons eu de la chance avec le temps, malgr\u00e9 une temp\u00e9rature fra\u00eeche. Quelle magnifique matin\u00e9e ! Un tout grand [&hellip;]<\/p>\n","protected":false},"author":2,"featured_media":3178,"comment_status":"closed","ping_status":"open","sticky":false,"template":"","format":"image","meta":{"footnotes":""},"categories":[5,32,43],"tags":[],"class_list":["post-3179","post","type-post","status-publish","format-image","has-post-thumbnail","hentry","category-blog","category-classe-celine-guyot-et-audrey-thiebaud-2021-22","category-travaux-2023-24","post_format-post-format-image"],"_links":{"self":[{"href":"https:\/\/www.collegedelouest.ch\/wordpress\/wp-json\/wp\/v2\/posts\/3179","targetHints":{"allow":["GET"]}}],"collection":[{"href":"https:\/\/www.collegedelouest.ch\/wordpress\/wp-json\/wp\/v2\/posts"}],"about":[{"href":"https:\/\/www.collegedelouest.ch\/wordpress\/wp-json\/wp\/v2\/types\/post"}],"author":[{"embeddable":true,"href":"https:\/\/www.collegedelouest.ch\/wordpress\/wp-json\/wp\/v2\/users\/2"}],"replies":[{"embeddable":true,"href":"https:\/\/www.collegedelouest.ch\/wordpress\/wp-json\/wp\/v2\/comments?post=3179"}],"version-history":[{"count":1,"href":"https:\/\/www.collegedelouest.ch\/wordpress\/wp-json\/wp\/v2\/posts\/3179\/revisions"}],"predecessor-version":[{"id":3180,"href":"https:\/\/www.collegedelouest.ch\/wordpress\/wp-json\/wp\/v2\/posts\/3179\/revisions\/3180"}],"wp:featuredmedia":[{"embeddable":true,"href":"https:\/\/www.collegedelouest.ch\/wordpress\/wp-json\/wp\/v2\/media\/3178"}],"wp:attachment":[{"href":"https:\/\/www.collegedelouest.ch\/wordpress\/wp-json\/wp\/v2\/media?parent=3179"}],"wp:term":[{"taxonomy":"category","embeddable":true,"href":"https:\/\/www.collegedelouest.ch\/wordpress\/wp-json\/wp\/v2\/categories?post=3179"},{"taxonomy":"post_tag","embeddable":true,"href":"https:\/\/www.collegedelouest.ch\/wordpress\/wp-json\/wp\/v2\/tags?post=3179"}],"curies":[{"name":"wp","href":"https:\/\/api.w.org\/{rel}","templated":true}]}}