{"id":3713,"date":"2026-01-10T18:35:04","date_gmt":"2026-01-10T17:35:04","guid":{"rendered":"https:\/\/www.collegedelouest.ch\/wordpress\/?p=3713"},"modified":"2026-03-12T21:35:36","modified_gmt":"2026-03-12T20:35:36","slug":"dehors-un-portrait","status":"publish","type":"post","link":"https:\/\/www.collegedelouest.ch\/wordpress\/2026\/01\/10\/dehors-un-portrait\/","title":{"rendered":"Dehors \u00ab Un portrait \u00bb"},"content":{"rendered":"\n<h1 class=\"wp-block-heading\">Dehors \u00ab Un portrait \u00bb<\/h1>\n\n\n\n<ul id=\"block-07c6d08a-9eb4-424e-af69-fc8800e159ec\" class=\"wp-block-list\">\n<li>Date : 6 janvier 2026<\/li>\n\n\n\n<li>Lieu : Muzoo<\/li>\n\n\n\n<li>Nombre d&rsquo;\u00e9l\u00e8ves : 18<\/li>\n\n\n\n<li>Niveau : quatri\u00e8me Harmos<\/li>\n\n\n\n<li>Temps : couvert, tr\u00e8s froid, -7\u00b0C<\/li>\n\n\n\n<li>Temps de travail : env. une demi-heure<\/li>\n\n\n\n<li>Num\u00e9ro de la s\u00e9ance du document de r\u00e9f\u00e9rence : &#8211;<\/li>\n<\/ul>\n\n\n\n<h2 class=\"wp-block-heading\" id=\"block-d7b594cf-d619-4535-abb6-fd826da8964f\">Objectifs<\/h2>\n\n\n\n<p>R\u00e9aliser un portrait avec des mots et le m\u00e9moriser, c&rsquo;est-\u00e0-dire r\u00e9aliser une \u00e9vocation.<\/p>\n\n\n\n<h2 class=\"wp-block-heading\" id=\"block-aad91833-8ff9-4738-8228-3339c6eeb761\">Pr\u00e9liminaire<\/h2>\n\n\n\n<p>Dans le local ouvert sous le Muzoo, la fin de l&rsquo;histoire du livre :<\/p>\n\n\n\n<blockquote class=\"wp-block-quote is-layout-flow wp-block-quote-is-layout-flow\">\n<p class=\"has-text-align-center\"><em>La route qui traverse la for\u00eat<\/em><\/p>\n<\/blockquote>\n\n\n\n<p>de Sophie Adriansen et Chevalier Gambette, a \u00e9t\u00e9 lue (voir image de titre de l&rsquo;article).<\/p>\n\n\n\n<p>C&rsquo;est une histoire sensibilisant au respect de l&rsquo;environnement des animaux de la for\u00eat qui s&rsquo;est tr\u00e8s bien int\u00e9gr\u00e9e \u00e0 la sortie, puisque l&rsquo;excitation li\u00e9e \u00e0 la pr\u00e9sence de neige pouvait poser probl\u00e8me dans le Muzoo o\u00f9 se trouvaient beaucoup d&rsquo;animaux dans les enclos (loutres, rennes, lamas, &#8230;). Le froid poussant les \u00e9l\u00e8ves \u00e0 la d\u00e9pense d&rsquo;\u00e9nergie, la r\u00e8gle de la lenteur de l&rsquo;escargot inscrite sur la porte du Muzoo a pu \u00eatre rappel\u00e9e \u00e0 l&rsquo;occasion pour ne pas les d\u00e9ranger.<\/p>\n\n\n\n<h2 class=\"wp-block-heading\" id=\"block-b4b14bdb-108a-45f5-881b-6a2b50716655\">Travaux pratiques<\/h2>\n\n\n\n<h3 class=\"wp-block-heading\">\u00c9vocation<\/h3>\n\n\n\n<p>Le froid a conditionn\u00e9 l&rsquo;exercice r\u00e9alis\u00e9. En effet, il \u00e9tait exclu d&rsquo;\u00e9crire cette \u00e9vocation avec des crayons, tant il \u00e9tait intense. Cela a donc \u00e9t\u00e9 l&rsquo;occasion de rappeler que la m\u00e9moire est un outil qui peut \u00eatre utilis\u00e9 quand les conditions l&rsquo;exigent. Il a donc \u00e9t\u00e9 demand\u00e9 aux \u00e9l\u00e8ves de se mettre par deux, face-\u00e0-face, et de construire dans leur t\u00eate une histoire permettant de d\u00e9crire le camarade en face, celle-ci ayant pour but de m\u00e9moriser son portrait.<\/p>\n\n\n\n<p>Deux exemples ont \u00e9t\u00e9 donn\u00e9s :<\/p>\n\n\n\n<ul class=\"wp-block-list\">\n<li>Elle aime les roses et en a fait la couleur de son bonnet et comme le froid est intense, elle a mis des gants.<\/li>\n\n\n\n<li>Il a un chapeau rond qui prend son envol avec de grosses lunettes noires suspendues et une barbe grise.<\/li>\n<\/ul>\n\n\n\n<p>Les \u00e9l\u00e8ves sont partis pour une dizaine de minutes en vis-\u00e0-vis et en silence, pendant lesquels on est pass\u00e9 prendre une photo d&rsquo;eux. Ainsi, le lendemain, apr\u00e8s avoir \u00e9crit son \u00e9vocation de m\u00e9moire en classe, chaque \u00e9l\u00e8ve a pu constater avec la photo de son camarade si celle-ci \u00e9tait bien ad\u00e9quate.<\/p>\n\n\n\n<h2 class=\"wp-block-heading\">R\u00e9sultats<\/h2>\n\n\n\n<p>Voici quatre exemples de textes avec en vis-\u00e0-vis les \u00e9l\u00e8ves d\u00e9crits.<\/p>\n\n\n\n<figure class=\"wp-block-gallery has-nested-images columns-2 wp-block-gallery-1 is-layout-flex wp-block-gallery-is-layout-flex\">\n<figure class=\"wp-block-image size-large\"><img loading=\"lazy\" decoding=\"async\" width=\"1024\" height=\"436\" data-id=\"3720\" src=\"https:\/\/www.collegedelouest.ch\/wordpress\/wp-content\/uploads\/2026\/01\/Portrait1texte-1024x436.jpg\" alt=\"\" class=\"wp-image-3720\" srcset=\"https:\/\/www.collegedelouest.ch\/wordpress\/wp-content\/uploads\/2026\/01\/Portrait1texte-1024x436.jpg 1024w, https:\/\/www.collegedelouest.ch\/wordpress\/wp-content\/uploads\/2026\/01\/Portrait1texte-300x128.jpg 300w, https:\/\/www.collegedelouest.ch\/wordpress\/wp-content\/uploads\/2026\/01\/Portrait1texte-768x327.jpg 768w, https:\/\/www.collegedelouest.ch\/wordpress\/wp-content\/uploads\/2026\/01\/Portrait1texte-1536x654.jpg 1536w, https:\/\/www.collegedelouest.ch\/wordpress\/wp-content\/uploads\/2026\/01\/Portrait1texte-690x294.jpg 690w, https:\/\/www.collegedelouest.ch\/wordpress\/wp-content\/uploads\/2026\/01\/Portrait1texte-980x418.jpg 980w, https:\/\/www.collegedelouest.ch\/wordpress\/wp-content\/uploads\/2026\/01\/Portrait1texte.jpg 1920w\" sizes=\"auto, (max-width: 1024px) 100vw, 1024px\" \/><\/figure>\n\n\n\n<figure class=\"wp-block-image size-large\"><img loading=\"lazy\" decoding=\"async\" width=\"768\" height=\"1024\" data-id=\"3722\" src=\"https:\/\/www.collegedelouest.ch\/wordpress\/wp-content\/uploads\/2026\/01\/Portrait1-768x1024.jpg\" alt=\"\" class=\"wp-image-3722\" srcset=\"https:\/\/www.collegedelouest.ch\/wordpress\/wp-content\/uploads\/2026\/01\/Portrait1-768x1024.jpg 768w, https:\/\/www.collegedelouest.ch\/wordpress\/wp-content\/uploads\/2026\/01\/Portrait1-225x300.jpg 225w, https:\/\/www.collegedelouest.ch\/wordpress\/wp-content\/uploads\/2026\/01\/Portrait1-1152x1536.jpg 1152w, https:\/\/www.collegedelouest.ch\/wordpress\/wp-content\/uploads\/2026\/01\/Portrait1-690x920.jpg 690w, https:\/\/www.collegedelouest.ch\/wordpress\/wp-content\/uploads\/2026\/01\/Portrait1-980x1307.jpg 980w, https:\/\/www.collegedelouest.ch\/wordpress\/wp-content\/uploads\/2026\/01\/Portrait1.jpg 1440w\" sizes=\"auto, (max-width: 768px) 100vw, 768px\" \/><\/figure>\n\n\n\n<figure class=\"wp-block-image size-large\"><img loading=\"lazy\" decoding=\"async\" width=\"1024\" height=\"709\" data-id=\"3725\" src=\"https:\/\/www.collegedelouest.ch\/wordpress\/wp-content\/uploads\/2026\/01\/Portrait2texte-1024x709.jpg\" alt=\"\" class=\"wp-image-3725\" srcset=\"https:\/\/www.collegedelouest.ch\/wordpress\/wp-content\/uploads\/2026\/01\/Portrait2texte-1024x709.jpg 1024w, https:\/\/www.collegedelouest.ch\/wordpress\/wp-content\/uploads\/2026\/01\/Portrait2texte-300x208.jpg 300w, https:\/\/www.collegedelouest.ch\/wordpress\/wp-content\/uploads\/2026\/01\/Portrait2texte-768x532.jpg 768w, https:\/\/www.collegedelouest.ch\/wordpress\/wp-content\/uploads\/2026\/01\/Portrait2texte-1536x1063.jpg 1536w, https:\/\/www.collegedelouest.ch\/wordpress\/wp-content\/uploads\/2026\/01\/Portrait2texte-690x478.jpg 690w, https:\/\/www.collegedelouest.ch\/wordpress\/wp-content\/uploads\/2026\/01\/Portrait2texte-980x678.jpg 980w, https:\/\/www.collegedelouest.ch\/wordpress\/wp-content\/uploads\/2026\/01\/Portrait2texte.jpg 1920w\" sizes=\"auto, (max-width: 1024px) 100vw, 1024px\" \/><\/figure>\n\n\n\n<figure class=\"wp-block-image size-large\"><img loading=\"lazy\" decoding=\"async\" width=\"768\" height=\"1024\" data-id=\"3721\" src=\"https:\/\/www.collegedelouest.ch\/wordpress\/wp-content\/uploads\/2026\/01\/Portrait2-768x1024.jpg\" alt=\"\" class=\"wp-image-3721\" srcset=\"https:\/\/www.collegedelouest.ch\/wordpress\/wp-content\/uploads\/2026\/01\/Portrait2-768x1024.jpg 768w, https:\/\/www.collegedelouest.ch\/wordpress\/wp-content\/uploads\/2026\/01\/Portrait2-225x300.jpg 225w, https:\/\/www.collegedelouest.ch\/wordpress\/wp-content\/uploads\/2026\/01\/Portrait2-1152x1536.jpg 1152w, https:\/\/www.collegedelouest.ch\/wordpress\/wp-content\/uploads\/2026\/01\/Portrait2-690x920.jpg 690w, https:\/\/www.collegedelouest.ch\/wordpress\/wp-content\/uploads\/2026\/01\/Portrait2-980x1307.jpg 980w, https:\/\/www.collegedelouest.ch\/wordpress\/wp-content\/uploads\/2026\/01\/Portrait2.jpg 1440w\" sizes=\"auto, (max-width: 768px) 100vw, 768px\" \/><\/figure>\n\n\n\n<figure class=\"wp-block-image size-large\"><img loading=\"lazy\" decoding=\"async\" width=\"1024\" height=\"716\" data-id=\"3727\" src=\"https:\/\/www.collegedelouest.ch\/wordpress\/wp-content\/uploads\/2026\/01\/Portrait3texte-1024x716.jpg\" alt=\"\" class=\"wp-image-3727\" srcset=\"https:\/\/www.collegedelouest.ch\/wordpress\/wp-content\/uploads\/2026\/01\/Portrait3texte-1024x716.jpg 1024w, https:\/\/www.collegedelouest.ch\/wordpress\/wp-content\/uploads\/2026\/01\/Portrait3texte-300x210.jpg 300w, https:\/\/www.collegedelouest.ch\/wordpress\/wp-content\/uploads\/2026\/01\/Portrait3texte-768x537.jpg 768w, https:\/\/www.collegedelouest.ch\/wordpress\/wp-content\/uploads\/2026\/01\/Portrait3texte-1536x1074.jpg 1536w, https:\/\/www.collegedelouest.ch\/wordpress\/wp-content\/uploads\/2026\/01\/Portrait3texte-690x482.jpg 690w, https:\/\/www.collegedelouest.ch\/wordpress\/wp-content\/uploads\/2026\/01\/Portrait3texte-980x685.jpg 980w, https:\/\/www.collegedelouest.ch\/wordpress\/wp-content\/uploads\/2026\/01\/Portrait3texte.jpg 1920w\" sizes=\"auto, (max-width: 1024px) 100vw, 1024px\" \/><\/figure>\n\n\n\n<figure class=\"wp-block-image size-large\"><img loading=\"lazy\" decoding=\"async\" width=\"768\" height=\"1024\" data-id=\"3723\" src=\"https:\/\/www.collegedelouest.ch\/wordpress\/wp-content\/uploads\/2026\/01\/Portrait3-768x1024.jpg\" alt=\"\" class=\"wp-image-3723\" srcset=\"https:\/\/www.collegedelouest.ch\/wordpress\/wp-content\/uploads\/2026\/01\/Portrait3-768x1024.jpg 768w, https:\/\/www.collegedelouest.ch\/wordpress\/wp-content\/uploads\/2026\/01\/Portrait3-225x300.jpg 225w, https:\/\/www.collegedelouest.ch\/wordpress\/wp-content\/uploads\/2026\/01\/Portrait3-1152x1536.jpg 1152w, https:\/\/www.collegedelouest.ch\/wordpress\/wp-content\/uploads\/2026\/01\/Portrait3-690x920.jpg 690w, https:\/\/www.collegedelouest.ch\/wordpress\/wp-content\/uploads\/2026\/01\/Portrait3-980x1307.jpg 980w, https:\/\/www.collegedelouest.ch\/wordpress\/wp-content\/uploads\/2026\/01\/Portrait3.jpg 1440w\" sizes=\"auto, (max-width: 768px) 100vw, 768px\" \/><\/figure>\n\n\n\n<figure class=\"wp-block-image size-large\"><img loading=\"lazy\" decoding=\"async\" width=\"1024\" height=\"647\" data-id=\"3726\" src=\"https:\/\/www.collegedelouest.ch\/wordpress\/wp-content\/uploads\/2026\/01\/Portrait4texte-1024x647.jpg\" alt=\"\" class=\"wp-image-3726\" srcset=\"https:\/\/www.collegedelouest.ch\/wordpress\/wp-content\/uploads\/2026\/01\/Portrait4texte-1024x647.jpg 1024w, https:\/\/www.collegedelouest.ch\/wordpress\/wp-content\/uploads\/2026\/01\/Portrait4texte-300x190.jpg 300w, https:\/\/www.collegedelouest.ch\/wordpress\/wp-content\/uploads\/2026\/01\/Portrait4texte-768x486.jpg 768w, https:\/\/www.collegedelouest.ch\/wordpress\/wp-content\/uploads\/2026\/01\/Portrait4texte-1536x971.jpg 1536w, https:\/\/www.collegedelouest.ch\/wordpress\/wp-content\/uploads\/2026\/01\/Portrait4texte-690x436.jpg 690w, https:\/\/www.collegedelouest.ch\/wordpress\/wp-content\/uploads\/2026\/01\/Portrait4texte-980x620.jpg 980w, https:\/\/www.collegedelouest.ch\/wordpress\/wp-content\/uploads\/2026\/01\/Portrait4texte.jpg 1920w\" sizes=\"auto, (max-width: 1024px) 100vw, 1024px\" \/><\/figure>\n\n\n\n<figure class=\"wp-block-image size-large\"><img loading=\"lazy\" decoding=\"async\" width=\"768\" height=\"1024\" data-id=\"3724\" src=\"https:\/\/www.collegedelouest.ch\/wordpress\/wp-content\/uploads\/2026\/01\/Protrait4-768x1024.jpg\" alt=\"\" class=\"wp-image-3724\" srcset=\"https:\/\/www.collegedelouest.ch\/wordpress\/wp-content\/uploads\/2026\/01\/Protrait4-768x1024.jpg 768w, https:\/\/www.collegedelouest.ch\/wordpress\/wp-content\/uploads\/2026\/01\/Protrait4-225x300.jpg 225w, https:\/\/www.collegedelouest.ch\/wordpress\/wp-content\/uploads\/2026\/01\/Protrait4-1152x1536.jpg 1152w, https:\/\/www.collegedelouest.ch\/wordpress\/wp-content\/uploads\/2026\/01\/Protrait4-690x920.jpg 690w, https:\/\/www.collegedelouest.ch\/wordpress\/wp-content\/uploads\/2026\/01\/Protrait4-980x1307.jpg 980w, https:\/\/www.collegedelouest.ch\/wordpress\/wp-content\/uploads\/2026\/01\/Protrait4.jpg 1440w\" sizes=\"auto, (max-width: 768px) 100vw, 768px\" \/><\/figure>\n<\/figure>\n\n\n\n<h2 class=\"wp-block-heading\">Finalement<\/h2>\n\n\n\n<p>Le jour m\u00eame de la sortie avait lieu la f\u00eate des rois, f\u00eat\u00e9e avec un th\u00e9 chaud et plusieurs galettes. Quatre rois ont ainsi \u00e9t\u00e9 sacr\u00e9s.<\/p>\n","protected":false},"excerpt":{"rendered":"<p>Dehors \u00ab Un portrait \u00bb Objectifs R\u00e9aliser un portrait avec des mots et le m\u00e9moriser, c&rsquo;est-\u00e0-dire r\u00e9aliser une \u00e9vocation. Pr\u00e9liminaire Dans le local ouvert sous le Muzoo, la fin de l&rsquo;histoire du livre : La route qui traverse la for\u00eat de Sophie Adriansen et Chevalier Gambette, a \u00e9t\u00e9 lue (voir image de titre de l&rsquo;article). [&hellip;]<\/p>\n","protected":false},"author":1,"featured_media":3735,"comment_status":"closed","ping_status":"open","sticky":false,"template":"","format":"image","meta":{"footnotes":""},"categories":[32,47,46],"tags":[],"class_list":["post-3713","post","type-post","status-publish","format-image","has-post-thumbnail","hentry","category-classe-celine-guyot-et-audrey-thiebaud-2021-22","category-dehors","category-travaux-202526","post_format-post-format-image"],"_links":{"self":[{"href":"https:\/\/www.collegedelouest.ch\/wordpress\/wp-json\/wp\/v2\/posts\/3713","targetHints":{"allow":["GET"]}}],"collection":[{"href":"https:\/\/www.collegedelouest.ch\/wordpress\/wp-json\/wp\/v2\/posts"}],"about":[{"href":"https:\/\/www.collegedelouest.ch\/wordpress\/wp-json\/wp\/v2\/types\/post"}],"author":[{"embeddable":true,"href":"https:\/\/www.collegedelouest.ch\/wordpress\/wp-json\/wp\/v2\/users\/1"}],"replies":[{"embeddable":true,"href":"https:\/\/www.collegedelouest.ch\/wordpress\/wp-json\/wp\/v2\/comments?post=3713"}],"version-history":[{"count":8,"href":"https:\/\/www.collegedelouest.ch\/wordpress\/wp-json\/wp\/v2\/posts\/3713\/revisions"}],"predecessor-version":[{"id":3729,"href":"https:\/\/www.collegedelouest.ch\/wordpress\/wp-json\/wp\/v2\/posts\/3713\/revisions\/3729"}],"wp:featuredmedia":[{"embeddable":true,"href":"https:\/\/www.collegedelouest.ch\/wordpress\/wp-json\/wp\/v2\/media\/3735"}],"wp:attachment":[{"href":"https:\/\/www.collegedelouest.ch\/wordpress\/wp-json\/wp\/v2\/media?parent=3713"}],"wp:term":[{"taxonomy":"category","embeddable":true,"href":"https:\/\/www.collegedelouest.ch\/wordpress\/wp-json\/wp\/v2\/categories?post=3713"},{"taxonomy":"post_tag","embeddable":true,"href":"https:\/\/www.collegedelouest.ch\/wordpress\/wp-json\/wp\/v2\/tags?post=3713"}],"curies":[{"name":"wp","href":"https:\/\/api.w.org\/{rel}","templated":true}]}}