{"id":765,"date":"2006-11-25T18:14:07","date_gmt":"2006-11-25T18:14:07","guid":{"rendered":"https:\/\/www.collegedelouest.ch\/wordpress\/?p=765"},"modified":"2016-10-30T08:12:39","modified_gmt":"2016-10-30T08:12:39","slug":"les-arbres","status":"publish","type":"post","link":"https:\/\/www.collegedelouest.ch\/wordpress\/2006\/11\/25\/les-arbres\/","title":{"rendered":"Les arbres"},"content":{"rendered":"<p align=\"center\"><span style=\"color: #008000; font-size: x-large;\">LES ARBRES<\/span><\/p>\n<p align=\"center\"><span style=\"color: #000000;\"><em>1\u00e8re ann\u00e9e\u00a0\u00a0\u00a0\u00a0\u00a0 juin 2006<\/em><\/span><\/p>\n<p align=\"center\">Par une belle matin\u00e9e d&rsquo;\u00e9t\u00e9, nous sommes all\u00e9s dans la for\u00eat,<\/p>\n<p align=\"center\">pr\u00e8s du Chapeau-Rabl\u00e9, avec le papa d&rsquo;un \u00e9l\u00e8ve qui est ing\u00e9nieur forestier.<\/p>\n<p align=\"center\"><img loading=\"lazy\" decoding=\"async\" class=\"size-full wp-image-770 aligncenter\" src=\"https:\/\/www.collegedelouest.ch\/wordpress\/wp-content\/uploads\/2016\/10\/Groupe.jpg\" alt=\"groupe\" width=\"174\" height=\"314\" srcset=\"https:\/\/www.collegedelouest.ch\/wordpress\/wp-content\/uploads\/2016\/10\/Groupe.jpg 174w, https:\/\/www.collegedelouest.ch\/wordpress\/wp-content\/uploads\/2016\/10\/Groupe-166x300.jpg 166w\" sizes=\"auto, (max-width: 174px) 100vw, 174px\" \/><\/p>\n<p align=\"center\">Nous lui avons demand\u00e9 de nous montrer un arbre bless\u00e9.<\/p>\n<p align=\"center\"><img loading=\"lazy\" decoding=\"async\" class=\"alignnone size-full wp-image-768\" src=\"https:\/\/www.collegedelouest.ch\/wordpress\/wp-content\/uploads\/2016\/10\/foudre.jpg\" alt=\"Exif_JPEG_422\" width=\"461\" height=\"272\" srcset=\"https:\/\/www.collegedelouest.ch\/wordpress\/wp-content\/uploads\/2016\/10\/foudre.jpg 461w, https:\/\/www.collegedelouest.ch\/wordpress\/wp-content\/uploads\/2016\/10\/foudre-300x177.jpg 300w\" sizes=\"auto, (max-width: 461px) 100vw, 461px\" \/><\/p>\n<p align=\"center\">Celui-ci a le tronc endommag\u00e9 par la chute d&rsquo;un arbre.<\/p>\n<p align=\"center\">Nous avons aussi vu un sapin sans cime<\/p>\n<p align=\"center\">et plus \u00e0 droite, un autre tout sec.<\/p>\n<p align=\"center\"><img loading=\"lazy\" decoding=\"async\" class=\"alignnone size-full wp-image-766\" src=\"https:\/\/www.collegedelouest.ch\/wordpress\/wp-content\/uploads\/2016\/10\/Arbre2.jpg\" alt=\"arbre2\" width=\"273\" height=\"184\" \/><\/p>\n<p align=\"center\">Nous avons aussi appris que les arbres<\/p>\n<p align=\"center\">grandissent gr\u00e2ce aux bourgeons.<\/p>\n<p align=\"center\"><img loading=\"lazy\" decoding=\"async\" class=\"alignnone size-full wp-image-767\" src=\"https:\/\/www.collegedelouest.ch\/wordpress\/wp-content\/uploads\/2016\/10\/Bourgeon.jpg\" alt=\"bourgeon\" width=\"314\" height=\"235\" srcset=\"https:\/\/www.collegedelouest.ch\/wordpress\/wp-content\/uploads\/2016\/10\/Bourgeon.jpg 314w, https:\/\/www.collegedelouest.ch\/wordpress\/wp-content\/uploads\/2016\/10\/Bourgeon-300x225.jpg 300w\" sizes=\"auto, (max-width: 314px) 100vw, 314px\" \/><\/p>\n<p align=\"center\">Ils ne grandissent pas chaque ann\u00e9e de la m\u00eame taille.<\/p>\n<p align=\"center\">Tout d\u00e9pend des conditions m\u00e9t\u00e9orologiques.<\/p>\n<p align=\"center\"><img loading=\"lazy\" decoding=\"async\" class=\"alignnone size-full wp-image-771\" src=\"https:\/\/www.collegedelouest.ch\/wordpress\/wp-content\/uploads\/2016\/10\/Tronc.jpg\" alt=\"tronc\" width=\"314\" height=\"235\" srcset=\"https:\/\/www.collegedelouest.ch\/wordpress\/wp-content\/uploads\/2016\/10\/Tronc.jpg 314w, https:\/\/www.collegedelouest.ch\/wordpress\/wp-content\/uploads\/2016\/10\/Tronc-300x225.jpg 300w\" sizes=\"auto, (max-width: 314px) 100vw, 314px\" \/><\/p>\n<p align=\"center\">Dans les grandes for\u00eats, les arbres sont group\u00e9s en divisions.<\/p>\n<p align=\"center\">C&rsquo;est comme les quartiers dans les villes.<\/p>\n","protected":false},"excerpt":{"rendered":"<p>LES ARBRES 1\u00e8re ann\u00e9e\u00a0\u00a0\u00a0\u00a0\u00a0 juin 2006 Par une belle matin\u00e9e d&rsquo;\u00e9t\u00e9, nous sommes all\u00e9s dans la for\u00eat, pr\u00e8s du Chapeau-Rabl\u00e9, avec le papa d&rsquo;un \u00e9l\u00e8ve qui est ing\u00e9nieur forestier. Nous lui avons demand\u00e9 de nous montrer un arbre bless\u00e9. Celui-ci a le tronc endommag\u00e9 par la chute d&rsquo;un arbre. Nous avons aussi vu un sapin [&hellip;]<\/p>\n","protected":false},"author":1,"featured_media":769,"comment_status":"closed","ping_status":"open","sticky":false,"template":"","format":"image","meta":{"footnotes":""},"categories":[13],"tags":[],"class_list":["post-765","post","type-post","status-publish","format-image","has-post-thumbnail","hentry","category-travaux200607","post_format-post-format-image"],"_links":{"self":[{"href":"https:\/\/www.collegedelouest.ch\/wordpress\/wp-json\/wp\/v2\/posts\/765","targetHints":{"allow":["GET"]}}],"collection":[{"href":"https:\/\/www.collegedelouest.ch\/wordpress\/wp-json\/wp\/v2\/posts"}],"about":[{"href":"https:\/\/www.collegedelouest.ch\/wordpress\/wp-json\/wp\/v2\/types\/post"}],"author":[{"embeddable":true,"href":"https:\/\/www.collegedelouest.ch\/wordpress\/wp-json\/wp\/v2\/users\/1"}],"replies":[{"embeddable":true,"href":"https:\/\/www.collegedelouest.ch\/wordpress\/wp-json\/wp\/v2\/comments?post=765"}],"version-history":[{"count":1,"href":"https:\/\/www.collegedelouest.ch\/wordpress\/wp-json\/wp\/v2\/posts\/765\/revisions"}],"predecessor-version":[{"id":772,"href":"https:\/\/www.collegedelouest.ch\/wordpress\/wp-json\/wp\/v2\/posts\/765\/revisions\/772"}],"wp:featuredmedia":[{"embeddable":true,"href":"https:\/\/www.collegedelouest.ch\/wordpress\/wp-json\/wp\/v2\/media\/769"}],"wp:attachment":[{"href":"https:\/\/www.collegedelouest.ch\/wordpress\/wp-json\/wp\/v2\/media?parent=765"}],"wp:term":[{"taxonomy":"category","embeddable":true,"href":"https:\/\/www.collegedelouest.ch\/wordpress\/wp-json\/wp\/v2\/categories?post=765"},{"taxonomy":"post_tag","embeddable":true,"href":"https:\/\/www.collegedelouest.ch\/wordpress\/wp-json\/wp\/v2\/tags?post=765"}],"curies":[{"name":"wp","href":"https:\/\/api.w.org\/{rel}","templated":true}]}}